{"id":19431,"date":"2014-12-31T14:28:06","date_gmt":"2014-12-31T12:28:06","guid":{"rendered":"http:\/\/www.sana.sy\/tr\/?p=19431"},"modified":"2014-12-31T14:28:06","modified_gmt":"2014-12-31T12:28:06","slug":"teror-orgutleri-batili-devletlerin-elinde-bir-oyun-kartidir","status":"publish","type":"post","link":"https:\/\/archive.sana.sy\/tr\/?p=19431","title":{"rendered":"Ter\u00f6r \u00d6rg\u00fctleri Bat\u0131l\u0131 Devletlerin Elinde Bir Oyun Kart\u0131d\u0131r"},"content":{"rendered":"<p>TAHRAN \u2013 \u0130ran D\u0131\u015fi\u015fleri Bakanl\u0131\u011f\u0131 S\u00f6zc\u00fcs\u00fc Merziye Afham \u0130ran\u2019\u0131n, Suriye&#8217;de krizin ba\u015f\u0131ndan beri \u00e7\u00f6z\u00fcm\u00fcn, bizzat Suriyeliler aras\u0131nda diyalog yoluyla siyasi \u00e7\u00f6z\u00fcm oldu\u011funu vurgulad\u0131\u011f\u0131na dikkat \u00e7ekti.<\/p>\n<p>Afham bug\u00fcn d\u00fczenledi\u011fi haftal\u0131k bas\u0131n toplant\u0131s\u0131nda \u00fclkesinin Suriye&#8217;deki krize \u00e7\u00f6z\u00fcm\u00fcn, Suriye halk\u0131n\u0131n iradesine ve kendi gelece\u011fini herhangi bir d\u0131\u015f m\u00fcdahale olmaks\u0131z\u0131n kendi eliyle belirlemekle birlikte Suriye&#8217;nin egemenli\u011fine tutunmakla siyasi \u00e7\u00f6z\u00fcm oldu\u011funa inand\u0131\u011f\u0131n\u0131 bir kez daha vurgulad\u0131.<\/p>\n<p>Rusya&#8217;n\u0131n giri\u015fimi dahil olmak \u00fczere Suriye&#8217;deki krize mutlak bir \u015fekilde siyasi \u00e7\u00f6z\u00fcm sa\u011flayacak herhangi bir \u00e7aban\u0131n \u00fclkesi taraf\u0131ndan memnuniyetle kar\u015f\u0131land\u0131\u011f\u0131n\u0131 ifade eden Afham; Bat\u0131l\u0131 yetkililerle diyalogda Suriye&#8217;deki duruma bir idrak sezinlediklerini s\u00f6yledi.<\/p>\n<p>Afham I\u015e\u0130D\u2019e kar\u015f\u0131 uluslar aras\u0131 koalisyonun etkin olmad\u0131\u011f\u0131na dikkat \u00e7ekerken, ter\u00f6r \u00f6rg\u00fctlerin Bat\u0131l\u0131 devletlerin elinde bir oyun kart\u0131 olduklar\u0131n\u0131, bu kart\u0131 da b\u00f6lgedeki dengeleri de\u011fi\u015ftirmede kulland\u0131klar\u0131n\u0131 ifade etti.<\/p>\n<p>Filistin davas\u0131nda ise Afham; Filistin halk\u0131n\u0131n me\u015fru haklar\u0131n\u0131n temin edilmesinde direni\u015f se\u00e7ene\u011finin yegane se\u00e7enek oldu\u011funu, gasp edilen haklar\u0131n iadesi i\u00e7in direni\u015fin me\u015fru oldu\u011funu vurgulad\u0131.<\/p>\n","protected":false},"excerpt":{"rendered":"<p>TAHRAN \u2013 \u0130ran D\u0131\u015fi\u015fleri Bakanl\u0131\u011f\u0131 S\u00f6zc\u00fcs\u00fc Merziye Afham \u0130ran\u2019\u0131n, Suriye&#8217;de krizin ba\u015f\u0131ndan beri \u00e7\u00f6z\u00fcm\u00fcn, bizzat Suriyeliler aras\u0131nda diyalog yoluyla siyasi \u00e7\u00f6z\u00fcm oldu\u011funu vurgulad\u0131\u011f\u0131na dikkat \u00e7ekti. Afham bug\u00fcn d\u00fczenledi\u011fi haftal\u0131k bas\u0131n toplant\u0131s\u0131nda \u00fclkesinin Suriye&#8217;deki krize \u00e7\u00f6z\u00fcm\u00fcn, Suriye halk\u0131n\u0131n iradesine ve kendi gelece\u011fini herhangi bir d\u0131\u015f m\u00fcdahale olmaks\u0131z\u0131n kendi eliyle belirlemekle birlikte Suriye&#8217;nin egemenli\u011fine tutunmakla siyasi \u00e7\u00f6z\u00fcm &hellip;<\/p>\n","protected":false},"author":1,"featured_media":3910,"comment_status":"closed","ping_status":"closed","sticky":false,"template":"","format":"standard","meta":{"footnotes":""},"categories":[458,459],"tags":[9228,9231,9232,9229,9227,9226,9230],"class_list":["post-19431","post","type-post","status-publish","format-standard","has-post-thumbnail","","category-dunya1","category-haberler-arap-uluslararasi-politika","tag-bizzat-suriyeliler-arasinda-diyalog-yoluyla-siyasi-cozum-oldugunu-vurguladigina-dikkat-cekti-afham-bugun-duzenledigi-haftalik-basin-toplantisinda-ulkesinin-suriyedeki-krize-cozumun","tag-bu-karti-da-bolgedeki-dengeleri-degistirmede-kullandiklarini-ifade-etti-filistin-davasinda-ise-afham-filistin-halkinin-mesru-haklarinin-temin-edilmesinde-direnis-seceneginin-yegane-secenek-oldugunu","tag-gasp-edilen-haklarin-iadesi-icin-direnisin-mesru-oldugunu-vurguladi","tag-suriye-halkinin-iradesine-ve-kendi-gelecegini-herhangi-bir-dis-mudahale-olmaksizin-kendi-eliyle-belirlemekle-birlikte-suriyenin-egemenligine-tutunmakla-siyasi-cozum-olduguna-inandigini-bir-kez-daha-v","tag-suriyede-krizin-basindan-beri-cozumun","tag-teror-orgutleri-batili-devletlerin-elinde-bir-oyun-kartidir-tahran-iran-disisleri-bakanligi-sozcusu-merziye-afham-iranin","tag-teror-orgutlerin-batili-devletlerin-elinde-bir-oyun-karti-olduklarini"],"_links":{"self":[{"href":"https:\/\/archive.sana.sy\/tr\/index.php?rest_route=\/wp\/v2\/posts\/19431","targetHints":{"allow":["GET"]}}],"collection":[{"href":"https:\/\/archive.sana.sy\/tr\/index.php?rest_route=\/wp\/v2\/posts"}],"about":[{"href":"https:\/\/archive.sana.sy\/tr\/index.php?rest_route=\/wp\/v2\/types\/post"}],"author":[{"embeddable":true,"href":"https:\/\/archive.sana.sy\/tr\/index.php?rest_route=\/wp\/v2\/users\/1"}],"replies":[{"embeddable":true,"href":"https:\/\/archive.sana.sy\/tr\/index.php?rest_route=%2Fwp%2Fv2%2Fcomments&post=19431"}],"version-history":[{"count":0,"href":"https:\/\/archive.sana.sy\/tr\/index.php?rest_route=\/wp\/v2\/posts\/19431\/revisions"}],"wp:featuredmedia":[{"embeddable":true,"href":"https:\/\/archive.sana.sy\/tr\/index.php?rest_route=\/wp\/v2\/media\/3910"}],"wp:attachment":[{"href":"https:\/\/archive.sana.sy\/tr\/index.php?rest_route=%2Fwp%2Fv2%2Fmedia&parent=19431"}],"wp:term":[{"taxonomy":"category","embeddable":true,"href":"https:\/\/archive.sana.sy\/tr\/index.php?rest_route=%2Fwp%2Fv2%2Fcategories&post=19431"},{"taxonomy":"post_tag","embeddable":true,"href":"https:\/\/archive.sana.sy\/tr\/index.php?rest_route=%2Fwp%2Fv2%2Ftags&post=19431"}],"curies":[{"name":"wp","href":"https:\/\/api.w.org\/{rel}","templated":true}]}}