{"id":194343,"date":"2019-10-31T21:24:43","date_gmt":"2019-10-31T19:24:43","guid":{"rendered":"http:\/\/www.sana.sy\/tr\/?p=194343"},"modified":"2019-10-31T21:24:43","modified_gmt":"2019-10-31T19:24:43","slug":"cumhurbaskani-esad-turk-rejimi-bu-savasta-amerikalinin-vekilidir-butun-vesilelerle-cikmadigi-zaman-savastan-baska-bir-secenek-kalmayacaktir-lakin-yakin-surecte-muhtelif-sekilleriyle-siyasi-surece-b","status":"publish","type":"post","link":"https:\/\/archive.sana.sy\/tr\/?p=194343","title":{"rendered":"Cumhurba\u015fkan\u0131 Esad: T\u00fcrk rejimi bu sava\u015fta Amerikal\u0131n\u0131n vekilidir. B\u00fct\u00fcn vesilelerle \u00e7\u0131kmad\u0131\u011f\u0131 zaman sava\u015ftan ba\u015fka bir se\u00e7enek kalmayacakt\u0131r. Lakin yak\u0131n s\u00fcre\u00e7te muhtelif \u015fekilleriyle siyasi s\u00fcrece bir alan vermemiz gerekiyor."},"content":{"rendered":"<p>Cumhurba\u015fkan\u0131 Esad: T\u00fcrk rejimi bu sava\u015fta Amerikal\u0131n\u0131n vekilidir. B\u00fct\u00fcn vesilelerle \u00e7\u0131kmad\u0131\u011f\u0131 zaman sava\u015ftan ba\u015fka bir se\u00e7enek kalmayacakt\u0131r. Lakin yak\u0131n s\u00fcre\u00e7te muhtelif \u015fekilleriyle siyasi s\u00fcrece bir alan vermemiz gerekiyor.<\/p>\n","protected":false},"excerpt":{"rendered":"<p>Cumhurba\u015fkan\u0131 Esad: T\u00fcrk rejimi bu sava\u015fta Amerikal\u0131n\u0131n vekilidir. B\u00fct\u00fcn vesilelerle \u00e7\u0131kmad\u0131\u011f\u0131 zaman sava\u015ftan ba\u015fka bir se\u00e7enek kalmayacakt\u0131r. Lakin yak\u0131n s\u00fcre\u00e7te muhtelif \u015fekilleriyle siyasi s\u00fcrece bir alan vermemiz gerekiyor.<\/p>\n","protected":false},"author":1,"featured_media":0,"comment_status":"closed","ping_status":"closed","sticky":false,"template":"","format":"standard","meta":{"footnotes":""},"categories":[17991],"tags":[],"class_list":["post-194343","post","type-post","status-publish","format-standard","","category-son-dakika"],"_links":{"self":[{"href":"https:\/\/archive.sana.sy\/tr\/index.php?rest_route=\/wp\/v2\/posts\/194343","targetHints":{"allow":["GET"]}}],"collection":[{"href":"https:\/\/archive.sana.sy\/tr\/index.php?rest_route=\/wp\/v2\/posts"}],"about":[{"href":"https:\/\/archive.sana.sy\/tr\/index.php?rest_route=\/wp\/v2\/types\/post"}],"author":[{"embeddable":true,"href":"https:\/\/archive.sana.sy\/tr\/index.php?rest_route=\/wp\/v2\/users\/1"}],"replies":[{"embeddable":true,"href":"https:\/\/archive.sana.sy\/tr\/index.php?rest_route=%2Fwp%2Fv2%2Fcomments&post=194343"}],"version-history":[{"count":0,"href":"https:\/\/archive.sana.sy\/tr\/index.php?rest_route=\/wp\/v2\/posts\/194343\/revisions"}],"wp:attachment":[{"href":"https:\/\/archive.sana.sy\/tr\/index.php?rest_route=%2Fwp%2Fv2%2Fmedia&parent=194343"}],"wp:term":[{"taxonomy":"category","embeddable":true,"href":"https:\/\/archive.sana.sy\/tr\/index.php?rest_route=%2Fwp%2Fv2%2Fcategories&post=194343"},{"taxonomy":"post_tag","embeddable":true,"href":"https:\/\/archive.sana.sy\/tr\/index.php?rest_route=%2Fwp%2Fv2%2Ftags&post=194343"}],"curies":[{"name":"wp","href":"https:\/\/api.w.org\/{rel}","templated":true}]}}