{"id":19436,"date":"2014-12-31T14:40:05","date_gmt":"2014-12-31T12:40:05","guid":{"rendered":"http:\/\/www.sana.sy\/tr\/?p=19436"},"modified":"2015-01-01T14:19:12","modified_gmt":"2015-01-01T12:19:12","slug":"el-esad-is-firsatlarinin-pinin-sehit-yakinlarina-verilmesini-ongoren-kanunu-onayladi","status":"publish","type":"post","link":"https:\/\/archive.sana.sy\/tr\/?p=19436","title":{"rendered":"El Esad, \u0130\u015f F\u0131rsatlar\u0131n\u0131n %50\u2019inin \u015eehit Yak\u0131nlar\u0131na Verilmesini \u00d6ng\u00f6ren Kanunu Onaylad\u0131"},"content":{"rendered":"<p>\u015eAM \u2013 Cumhurba\u015fkan\u0131 Be\u015f\u015far el Esad bug\u00fcn, devlet \u00e7al\u0131\u015fanlar\u0131 kanunu ve d\u00fczenlemeleri \u00e7er\u00e7evesinde yar\u0131\u015fma ve testlerle doldurulan i\u015f f\u0131rsatlar\u0131n\u0131n %50\u2019sinin \u015fehit yak\u0131nlar\u0131na verilmesini \u00f6ng\u00f6ren kanunnameyi onaylad\u0131.<\/p>\n<p>B\u00f6ylelikle devlet dairelerinde mevcut i\u015f f\u0131rsatlar\u0131n\u0131n yar\u0131s\u0131 \u015fehit yak\u0131nlar\u0131na verilecek.<\/p>\n<p>Kanunname tasar\u0131s\u0131 daha \u00f6nce Cumhurba\u015fkan\u0131 el Esad taraf\u0131ndan Halk Meclisine sevk edilmi\u015f, Meclis tart\u0131\u015fma ve oylama ard\u0131ndan kanunnameyi kabul edip onay i\u00e7in tekrar cumhurba\u015fkanl\u0131\u011f\u0131na g\u00f6ndermi\u015fti.<\/p>\n","protected":false},"excerpt":{"rendered":"<p>\u015eAM \u2013 Cumhurba\u015fkan\u0131 Be\u015f\u015far el Esad bug\u00fcn, devlet \u00e7al\u0131\u015fanlar\u0131 kanunu ve d\u00fczenlemeleri \u00e7er\u00e7evesinde yar\u0131\u015fma ve testlerle doldurulan i\u015f f\u0131rsatlar\u0131n\u0131n %50\u2019sinin \u015fehit yak\u0131nlar\u0131na verilmesini \u00f6ng\u00f6ren kanunnameyi onaylad\u0131. B\u00f6ylelikle devlet dairelerinde mevcut i\u015f f\u0131rsatlar\u0131n\u0131n yar\u0131s\u0131 \u015fehit yak\u0131nlar\u0131na verilecek. Kanunname tasar\u0131s\u0131 daha \u00f6nce Cumhurba\u015fkan\u0131 el Esad taraf\u0131ndan Halk Meclisine sevk edilmi\u015f, Meclis tart\u0131\u015fma ve oylama ard\u0131ndan kanunnameyi kabul &hellip;<\/p>\n","protected":false},"author":1,"featured_media":4185,"comment_status":"closed","ping_status":"closed","sticky":false,"template":"","format":"standard","meta":{"footnotes":""},"categories":[605,612,599],"tags":[9235,9233,9234,9236],"class_list":["post-19436","post","type-post","status-publish","format-standard","has-post-thumbnail","","category-sayin-cumhurbaskani","category-yasama-kararnameler","category-yasama-ve-kanunlar","tag-devlet-calisanlari-kanunu-ve-duzenlemeleri-cercevesinde-yarisma-ve-testlerle-doldurulan-is-firsatlarinin-sinin-sehit-yakinlarina-verilmesini-ongoren-kanunnameyi-onayladi-boylelikle-devlet-da","tag-el-esad","tag-is-firsatlarinin-inin-sehit-yakinlarina-verilmesini-ongoren-kanunu-onayladi-sam-cumhurbaskani-bessar-el-esad-bugun","tag-meclis-tartisma-ve-oylama-ardindan-kanunnameyi-kabul-edip-onay-icin-tekrar-cumhurbaskanligina-gondermisti"],"_links":{"self":[{"href":"https:\/\/archive.sana.sy\/tr\/index.php?rest_route=\/wp\/v2\/posts\/19436","targetHints":{"allow":["GET"]}}],"collection":[{"href":"https:\/\/archive.sana.sy\/tr\/index.php?rest_route=\/wp\/v2\/posts"}],"about":[{"href":"https:\/\/archive.sana.sy\/tr\/index.php?rest_route=\/wp\/v2\/types\/post"}],"author":[{"embeddable":true,"href":"https:\/\/archive.sana.sy\/tr\/index.php?rest_route=\/wp\/v2\/users\/1"}],"replies":[{"embeddable":true,"href":"https:\/\/archive.sana.sy\/tr\/index.php?rest_route=%2Fwp%2Fv2%2Fcomments&post=19436"}],"version-history":[{"count":0,"href":"https:\/\/archive.sana.sy\/tr\/index.php?rest_route=\/wp\/v2\/posts\/19436\/revisions"}],"wp:featuredmedia":[{"embeddable":true,"href":"https:\/\/archive.sana.sy\/tr\/index.php?rest_route=\/wp\/v2\/media\/4185"}],"wp:attachment":[{"href":"https:\/\/archive.sana.sy\/tr\/index.php?rest_route=%2Fwp%2Fv2%2Fmedia&parent=19436"}],"wp:term":[{"taxonomy":"category","embeddable":true,"href":"https:\/\/archive.sana.sy\/tr\/index.php?rest_route=%2Fwp%2Fv2%2Fcategories&post=19436"},{"taxonomy":"post_tag","embeddable":true,"href":"https:\/\/archive.sana.sy\/tr\/index.php?rest_route=%2Fwp%2Fv2%2Ftags&post=19436"}],"curies":[{"name":"wp","href":"https:\/\/api.w.org\/{rel}","templated":true}]}}