{"id":194446,"date":"2019-11-02T12:02:14","date_gmt":"2019-11-02T10:02:14","guid":{"rendered":"http:\/\/www.sana.sy\/tr\/?p=194446"},"modified":"2019-11-04T14:08:24","modified_gmt":"2019-11-04T12:08:24","slug":"judo-oyuncumuz-urdundeki-sampiyonasinda-altin-madalyayi-kazandi","status":"publish","type":"post","link":"https:\/\/archive.sana.sy\/tr\/?p=194446","title":{"rendered":"Judo Oyuncumuz \u00dcrd\u00fcn&#8217;deki \u015eampiyonas\u0131nda Alt\u0131n Madalyay\u0131 Kazand\u0131"},"content":{"rendered":"<p>AMMAN \u2013 \u00dcrd\u00fcn ba\u015fkenti Amman\u2019da d\u00fczenlenen Arap \u015eampiyonas\u0131nda Suriye Judo tak\u0131m\u0131n\u0131n oyuncusu Hasne el Said alt\u0131n madalyay\u0131 kazand\u0131.<\/p>\n<p>Hasne el Said daha \u00f6nce 2009 y\u0131l\u0131nda L\u00fcbnan\u2019da yap\u0131lan Bat\u0131 Asya \u015eampiyonas\u0131nda birinci merkezini ve yine y\u0131l\u0131nda 2009 L\u00fcbnan\u2019da yap\u0131lan Arap \u015eampiyonas\u0131nda g\u00fcm\u00fc\u015f madalyay\u0131 kazanm\u0131\u015ft\u0131. Said 2017 ise, T\u00fcrkmenistan\u2019da d\u00fczenlenen Salonlar ve D\u00f6v\u00fc\u015f Sanatlar\u0131 i\u00e7in Asya Oyunlar\u0131nda bronz madalyay\u0131 kazanm\u0131\u015ft\u0131.<\/p>\n<p>\u00c7eviri: P.M.<\/p>\n<p>&nbsp;<\/p>\n","protected":false},"excerpt":{"rendered":"<p>AMMAN \u2013 \u00dcrd\u00fcn ba\u015fkenti Amman\u2019da d\u00fczenlenen Arap \u015eampiyonas\u0131nda Suriye Judo tak\u0131m\u0131n\u0131n oyuncusu Hasne el Said alt\u0131n madalyay\u0131 kazand\u0131. Hasne el Said daha \u00f6nce 2009 y\u0131l\u0131nda L\u00fcbnan\u2019da yap\u0131lan Bat\u0131 Asya \u015eampiyonas\u0131nda birinci merkezini ve yine y\u0131l\u0131nda 2009 L\u00fcbnan\u2019da yap\u0131lan Arap \u015eampiyonas\u0131nda g\u00fcm\u00fc\u015f madalyay\u0131 kazanm\u0131\u015ft\u0131. Said 2017 ise, T\u00fcrkmenistan\u2019da d\u00fczenlenen Salonlar ve D\u00f6v\u00fc\u015f Sanatlar\u0131 i\u00e7in Asya Oyunlar\u0131nda &hellip;<\/p>\n","protected":false},"author":1,"featured_media":194447,"comment_status":"closed","ping_status":"closed","sticky":false,"template":"","format":"standard","meta":{"footnotes":""},"categories":[498,17988,496],"tags":[],"class_list":["post-194446","post","type-post","status-publish","format-standard","has-post-thumbnail","","category-dunya-turnuvalari","category-son-haberler","category-spor"],"_links":{"self":[{"href":"https:\/\/archive.sana.sy\/tr\/index.php?rest_route=\/wp\/v2\/posts\/194446","targetHints":{"allow":["GET"]}}],"collection":[{"href":"https:\/\/archive.sana.sy\/tr\/index.php?rest_route=\/wp\/v2\/posts"}],"about":[{"href":"https:\/\/archive.sana.sy\/tr\/index.php?rest_route=\/wp\/v2\/types\/post"}],"author":[{"embeddable":true,"href":"https:\/\/archive.sana.sy\/tr\/index.php?rest_route=\/wp\/v2\/users\/1"}],"replies":[{"embeddable":true,"href":"https:\/\/archive.sana.sy\/tr\/index.php?rest_route=%2Fwp%2Fv2%2Fcomments&post=194446"}],"version-history":[{"count":0,"href":"https:\/\/archive.sana.sy\/tr\/index.php?rest_route=\/wp\/v2\/posts\/194446\/revisions"}],"wp:featuredmedia":[{"embeddable":true,"href":"https:\/\/archive.sana.sy\/tr\/index.php?rest_route=\/wp\/v2\/media\/194447"}],"wp:attachment":[{"href":"https:\/\/archive.sana.sy\/tr\/index.php?rest_route=%2Fwp%2Fv2%2Fmedia&parent=194446"}],"wp:term":[{"taxonomy":"category","embeddable":true,"href":"https:\/\/archive.sana.sy\/tr\/index.php?rest_route=%2Fwp%2Fv2%2Fcategories&post=194446"},{"taxonomy":"post_tag","embeddable":true,"href":"https:\/\/archive.sana.sy\/tr\/index.php?rest_route=%2Fwp%2Fv2%2Ftags&post=194446"}],"curies":[{"name":"wp","href":"https:\/\/api.w.org\/{rel}","templated":true}]}}