{"id":194458,"date":"2019-11-02T12:10:48","date_gmt":"2019-11-02T10:10:48","guid":{"rendered":"http:\/\/www.sana.sy\/tr\/?p=194458"},"modified":"2019-11-04T14:08:28","modified_gmt":"2019-11-04T12:08:28","slug":"ulusal-agaclandirilma-kampanyasi-baslatildi","status":"publish","type":"post","link":"https:\/\/archive.sana.sy\/tr\/?p=194458","title":{"rendered":"Ulusal A\u011fa\u00e7land\u0131rma Kampanyas\u0131 Ba\u015flat\u0131ld\u0131"},"content":{"rendered":"<p>HOMS \u2013 Ge\u00e7en haftalarda yurdun baz\u0131 \u0130llerinde yer alan yang\u0131nlardan dolay\u0131 yok olmu\u015f ye\u015fil ve orman alanlar\u0131n\u0131n yeniden a\u011fa\u00e7land\u0131r\u0131lmas\u0131 i\u00e7in Tar\u0131m ve Tar\u0131m Reformu Bakanl\u0131\u011f\u0131 Ulusal Kampanya ba\u015flatt\u0131.<\/p>\n<p>Homs \u0130llinden ba\u015flayan yeniden a\u011fa\u00e7land\u0131rma kampanyas\u0131na farkl\u0131 gen\u00e7ler kurumlar\u0131n\u0131n yan\u0131 s\u0131ra, toplum kurumlar\u0131 ve g\u00f6n\u00fcll\u00fc gen\u00e7ler de kat\u0131l\u0131yor.<\/p>\n<p>\u00c7eviri: P.M.<\/p>\n<div id='gallery-1' class='gallery galleryid-194458 gallery-columns-1 gallery-size-full'><figure class='gallery-item'>\n\t\t\t<div class='gallery-icon landscape'>\n\t\t\t\t<a href='https:\/\/archive.sana.sy\/tr\/wp-content\/uploads\/2019\/11\/2-29.jpg'><img loading=\"lazy\" decoding=\"async\" width=\"660\" height=\"472\" src=\"https:\/\/archive.sana.sy\/tr\/wp-content\/uploads\/2019\/11\/2-29.jpg\" class=\"attachment-full size-full\" alt=\"\" srcset=\"https:\/\/archive.sana.sy\/tr\/wp-content\/uploads\/2019\/11\/2-29.jpg 660w, https:\/\/archive.sana.sy\/tr\/wp-content\/uploads\/2019\/11\/2-29-150x107.jpg 150w, https:\/\/archive.sana.sy\/tr\/wp-content\/uploads\/2019\/11\/2-29-300x215.jpg 300w\" sizes=\"auto, (max-width: 660px) 100vw, 660px\" \/><\/a>\n\t\t\t<\/div><\/figure><figure class='gallery-item'>\n\t\t\t<div class='gallery-icon landscape'>\n\t\t\t\t<a href='https:\/\/archive.sana.sy\/tr\/wp-content\/uploads\/2019\/11\/3-22.jpg'><img loading=\"lazy\" decoding=\"async\" width=\"660\" height=\"472\" src=\"https:\/\/archive.sana.sy\/tr\/wp-content\/uploads\/2019\/11\/3-22.jpg\" class=\"attachment-full size-full\" alt=\"\" srcset=\"https:\/\/archive.sana.sy\/tr\/wp-content\/uploads\/2019\/11\/3-22.jpg 660w, https:\/\/archive.sana.sy\/tr\/wp-content\/uploads\/2019\/11\/3-22-150x107.jpg 150w, https:\/\/archive.sana.sy\/tr\/wp-content\/uploads\/2019\/11\/3-22-300x215.jpg 300w\" sizes=\"auto, (max-width: 660px) 100vw, 660px\" \/><\/a>\n\t\t\t<\/div><\/figure><figure class='gallery-item'>\n\t\t\t<div class='gallery-icon landscape'>\n\t\t\t\t<a href='https:\/\/archive.sana.sy\/tr\/wp-content\/uploads\/2019\/11\/4-18.jpg'><img loading=\"lazy\" decoding=\"async\" width=\"660\" height=\"472\" src=\"https:\/\/archive.sana.sy\/tr\/wp-content\/uploads\/2019\/11\/4-18.jpg\" class=\"attachment-full size-full\" alt=\"\" srcset=\"https:\/\/archive.sana.sy\/tr\/wp-content\/uploads\/2019\/11\/4-18.jpg 660w, https:\/\/archive.sana.sy\/tr\/wp-content\/uploads\/2019\/11\/4-18-150x107.jpg 150w, https:\/\/archive.sana.sy\/tr\/wp-content\/uploads\/2019\/11\/4-18-300x215.jpg 300w\" sizes=\"auto, (max-width: 660px) 100vw, 660px\" \/><\/a>\n\t\t\t<\/div><\/figure><figure class='gallery-item'>\n\t\t\t<div class='gallery-icon landscape'>\n\t\t\t\t<a href='https:\/\/archive.sana.sy\/tr\/wp-content\/uploads\/2019\/11\/5-9.jpg'><img loading=\"lazy\" decoding=\"async\" width=\"660\" height=\"432\" src=\"https:\/\/archive.sana.sy\/tr\/wp-content\/uploads\/2019\/11\/5-9.jpg\" class=\"attachment-full size-full\" alt=\"\" srcset=\"https:\/\/archive.sana.sy\/tr\/wp-content\/uploads\/2019\/11\/5-9.jpg 660w, https:\/\/archive.sana.sy\/tr\/wp-content\/uploads\/2019\/11\/5-9-150x98.jpg 150w, https:\/\/archive.sana.sy\/tr\/wp-content\/uploads\/2019\/11\/5-9-300x196.jpg 300w\" sizes=\"auto, (max-width: 660px) 100vw, 660px\" \/><\/a>\n\t\t\t<\/div><\/figure><figure class='gallery-item'>\n\t\t\t<div class='gallery-icon landscape'>\n\t\t\t\t<a href='https:\/\/archive.sana.sy\/tr\/wp-content\/uploads\/2019\/11\/6-11.jpg'><img loading=\"lazy\" decoding=\"async\" width=\"660\" height=\"472\" src=\"https:\/\/archive.sana.sy\/tr\/wp-content\/uploads\/2019\/11\/6-11.jpg\" class=\"attachment-full size-full\" alt=\"\" srcset=\"https:\/\/archive.sana.sy\/tr\/wp-content\/uploads\/2019\/11\/6-11.jpg 660w, https:\/\/archive.sana.sy\/tr\/wp-content\/uploads\/2019\/11\/6-11-150x107.jpg 150w, https:\/\/archive.sana.sy\/tr\/wp-content\/uploads\/2019\/11\/6-11-300x215.jpg 300w\" sizes=\"auto, (max-width: 660px) 100vw, 660px\" \/><\/a>\n\t\t\t<\/div><\/figure><figure class='gallery-item'>\n\t\t\t<div class='gallery-icon landscape'>\n\t\t\t\t<a href='https:\/\/archive.sana.sy\/tr\/wp-content\/uploads\/2019\/11\/7-9-660x330.jpg'><img loading=\"lazy\" decoding=\"async\" width=\"660\" height=\"330\" src=\"https:\/\/archive.sana.sy\/tr\/wp-content\/uploads\/2019\/11\/7-9-660x330.jpg\" class=\"attachment-full size-full\" alt=\"\" srcset=\"https:\/\/archive.sana.sy\/tr\/wp-content\/uploads\/2019\/11\/7-9-660x330.jpg 660w, https:\/\/archive.sana.sy\/tr\/wp-content\/uploads\/2019\/11\/7-9-660x330-150x75.jpg 150w, https:\/\/archive.sana.sy\/tr\/wp-content\/uploads\/2019\/11\/7-9-660x330-300x150.jpg 300w\" sizes=\"auto, (max-width: 660px) 100vw, 660px\" \/><\/a>\n\t\t\t<\/div><\/figure>\n\t\t<\/div>\n\n","protected":false},"excerpt":{"rendered":"<p>HOMS \u2013 Ge\u00e7en haftalarda yurdun baz\u0131 \u0130llerinde yer alan yang\u0131nlardan dolay\u0131 yok olmu\u015f ye\u015fil ve orman alanlar\u0131n\u0131n yeniden a\u011fa\u00e7land\u0131r\u0131lmas\u0131 i\u00e7in Tar\u0131m ve Tar\u0131m Reformu Bakanl\u0131\u011f\u0131 Ulusal Kampanya ba\u015flatt\u0131. Homs \u0130llinden ba\u015flayan yeniden a\u011fa\u00e7land\u0131rma kampanyas\u0131na farkl\u0131 gen\u00e7ler kurumlar\u0131n\u0131n yan\u0131 s\u0131ra, toplum kurumlar\u0131 ve g\u00f6n\u00fcll\u00fc gen\u00e7ler de kat\u0131l\u0131yor. \u00c7eviri: P.M.<\/p>\n","protected":false},"author":1,"featured_media":194466,"comment_status":"closed","ping_status":"closed","sticky":false,"template":"","format":"standard","meta":{"footnotes":""},"categories":[596,479,17988,478],"tags":[],"class_list":["post-194458","post","type-post","status-publish","format-standard","has-post-thumbnail","","category-fotografli-raporlar","category-haberler-yerel","category-son-haberler","category-yerel"],"_links":{"self":[{"href":"https:\/\/archive.sana.sy\/tr\/index.php?rest_route=\/wp\/v2\/posts\/194458","targetHints":{"allow":["GET"]}}],"collection":[{"href":"https:\/\/archive.sana.sy\/tr\/index.php?rest_route=\/wp\/v2\/posts"}],"about":[{"href":"https:\/\/archive.sana.sy\/tr\/index.php?rest_route=\/wp\/v2\/types\/post"}],"author":[{"embeddable":true,"href":"https:\/\/archive.sana.sy\/tr\/index.php?rest_route=\/wp\/v2\/users\/1"}],"replies":[{"embeddable":true,"href":"https:\/\/archive.sana.sy\/tr\/index.php?rest_route=%2Fwp%2Fv2%2Fcomments&post=194458"}],"version-history":[{"count":0,"href":"https:\/\/archive.sana.sy\/tr\/index.php?rest_route=\/wp\/v2\/posts\/194458\/revisions"}],"wp:featuredmedia":[{"embeddable":true,"href":"https:\/\/archive.sana.sy\/tr\/index.php?rest_route=\/wp\/v2\/media\/194466"}],"wp:attachment":[{"href":"https:\/\/archive.sana.sy\/tr\/index.php?rest_route=%2Fwp%2Fv2%2Fmedia&parent=194458"}],"wp:term":[{"taxonomy":"category","embeddable":true,"href":"https:\/\/archive.sana.sy\/tr\/index.php?rest_route=%2Fwp%2Fv2%2Fcategories&post=194458"},{"taxonomy":"post_tag","embeddable":true,"href":"https:\/\/archive.sana.sy\/tr\/index.php?rest_route=%2Fwp%2Fv2%2Ftags&post=194458"}],"curies":[{"name":"wp","href":"https:\/\/api.w.org\/{rel}","templated":true}]}}