{"id":19454,"date":"2014-12-31T16:33:13","date_gmt":"2014-12-31T14:33:13","guid":{"rendered":"http:\/\/sana.sy\/tr\/?p=19454"},"modified":"2014-12-31T16:33:13","modified_gmt":"2014-12-31T14:33:13","slug":"insanliga-karsi-suclarindan-dolayi-yargilanmalari-talep-edildi","status":"publish","type":"post","link":"https:\/\/archive.sana.sy\/tr\/?p=19454","title":{"rendered":"\u0130nsanl\u0131\u011fa Kar\u015f\u0131 Su\u00e7lar\u0131ndan Dolay\u0131 Yarg\u0131lanmalar\u0131 Talep Edildi"},"content":{"rendered":"<p>ANKARA \u2013 T\u00fcrkiye&#8217;de Cumhuriyet Halk Partisi (CHP) Tunceli Milletvekili H\u00fcseyin Ayg\u00fcn, T\u00fcrkiye&#8217;de AKP rejimi ba\u015fkan\u0131 Recep Tayyip Erdo\u011fan, Ba\u015fbakan\u0131 Ahmet Davuto\u011flu ve Milli \u0130stihbarat Te\u015fkilat\u0131 (M\u0130T) M\u00fcste\u015far\u0131 Hakan Fidan&#8217;\u0131n &#8220;insanl\u0131\u011fa kar\u015f\u0131 su\u00e7&#8221; i\u015fledikleri gerek\u00e7esiyle su\u00e7 duyurusunda bulundu.<\/p>\n<p>Odatv web sitesinin aktard\u0131\u011f\u0131 haberde Milletvekili Ayg\u00fcn; Erdo\u011fan, Davuto\u011flu ve Fidan hakk\u0131nda &#8220;\u0130nsanl\u0131\u011fa kar\u015f\u0131 su\u00e7, bu ama\u00e7la kurulmu\u015f \u00f6rg\u00fcte yard\u0131m etme&#8221; su\u00e7lamas\u0131yla Tunceli Cumhuriyet Ba\u015fsavc\u0131l\u0131\u011f\u0131na su\u00e7 duyurusunda bulundu.<\/p>\n<p>Ayg\u00fcn&#8217;\u00fcn, Suriye&#8217;de ya\u015fanan olaylara i\u015faret etti\u011fi su\u00e7 duyurusunda \u015funlar s\u00f6ylendi:<br \/>\n&#8220;Ne yaz\u0131k ki, bug\u00fcn itibar\u0131 ile 100 bin masum insan\u0131n \u00f6l\u00fcm\u00fcne sebep olan bu kanl\u0131 i\u00e7 sava\u015f\u0131n en b\u00fcy\u00fck destek\u00e7ilerinden birisi de \u00fclkemizin h\u00fck\u00fcmeti ve d\u00f6nemin ba\u015fbakan\u0131 \u015fimdi ise Cumhurba\u015fkan\u0131 olan Recep Tayyip Erdo\u011fan&#8217;d\u0131r.<\/p>\n<p>\u015e\u00fcpheliler Suriye\u2019nin yasal rejiminin devrilmesini sa\u011flamak ad\u0131na ter\u00f6r \u00f6rg\u00fct\u00fc mensuplar\u0131na destek vermekte, silahlar\u0131n \u00fclkemiz \u00fczerinden ge\u00e7i\u015fini sa\u011flamakta, bizzat kendileri M\u0130T arac\u0131l\u0131\u011f\u0131 ile bu \u00f6rg\u00fctlere silah sevk ettirmekte, ter\u00f6ristlerin s\u0131n\u0131rlardan ge\u00e7i\u015flerine, \u00fclkemizde tedavi g\u00f6rmelerini olanak sa\u011flamaktad\u0131rlar.<\/p>\n<p>Suriye&#8217;deki mevcut durumdan bizzat \u015f\u00fcpheliler sorumludur. Meydana gelen \u00f6l\u00fcmlerin her birinden tek tek \u015f\u00fcpheliler sorumludur.&#8221;<\/p>\n<p>&nbsp;<\/p>\n","protected":false},"excerpt":{"rendered":"<p>ANKARA \u2013 T\u00fcrkiye&#8217;de Cumhuriyet Halk Partisi (CHP) Tunceli Milletvekili H\u00fcseyin Ayg\u00fcn, T\u00fcrkiye&#8217;de AKP rejimi ba\u015fkan\u0131 Recep Tayyip Erdo\u011fan, Ba\u015fbakan\u0131 Ahmet Davuto\u011flu ve Milli \u0130stihbarat Te\u015fkilat\u0131 (M\u0130T) M\u00fcste\u015far\u0131 Hakan Fidan&#8217;\u0131n &#8220;insanl\u0131\u011fa kar\u015f\u0131 su\u00e7&#8221; i\u015fledikleri gerek\u00e7esiyle su\u00e7 duyurusunda bulundu. Odatv web sitesinin aktard\u0131\u011f\u0131 haberde Milletvekili Ayg\u00fcn; Erdo\u011fan, Davuto\u011flu ve Fidan hakk\u0131nda &#8220;\u0130nsanl\u0131\u011fa kar\u015f\u0131 su\u00e7, bu ama\u00e7la kurulmu\u015f &hellip;<\/p>\n","protected":false},"author":1,"featured_media":19455,"comment_status":"closed","ping_status":"closed","sticky":false,"template":"","format":"standard","meta":{"footnotes":""},"categories":[458,459,447,2554,2555],"tags":[9246,9252,9248,9250,9247,9244,9251,9249,9253,9245,9254],"class_list":["post-19454","post","type-post","status-publish","format-standard","has-post-thumbnail","","category-dunya1","category-haberler-arap-uluslararasi-politika","category-politika","category-suriye-ve-dunya","category-suriye-ve-turkiye","tag-basbakani-ahmet-davutoglu-ve-milli-istihbarat-teskilati-mit-mustesari-hakan-fidanin-insanliga-karsi-suc-isledikleri-gerekcesiyle-suc-duyurusunda-bulundu-odatv-web-sitesinin-aktardigi-haberde-mil","tag-bizzat-kendileri-mit-araciligi-ile-bu-orgutlere-silah-sevk-ettirmekte","tag-bu-amacla-kurulmus-orgute-yardim-etme-suclamasiyla-tunceli-cumhuriyet-bassavciligina-suc-duyurusunda-bulundu-aygunun","tag-bugun-itibari-ile-100-bin-masum-insanin-olumune-sebep-olan-bu-kanli-ic-savasin-en-buyuk-destekcilerinden-birisi-de-ulkemizin-hukumeti-ve-donemin-basbakani-simdi-ise-cumhurbaskani-olan-recep-tayyip-erd","tag-davutoglu-ve-fidan-hakkinda-insanliga-karsi-suc","tag-insanliga-karsi-suclarindan-dolayi-yargilanmalari-talep-edildi-ankara-turkiyede-cumhuriyet-halk-partisi-chp-tunceli-milletvekili-huseyin-aygun","tag-silahlarin-ulkemiz-uzerinden-gecisini-saglamakta","tag-suriyede-yasanan-olaylara-isaret-ettigi-suc-duyurusunda-sunlar-soylendi-ne-yazik-ki","tag-teroristlerin-sinirlardan-gecislerine","tag-turkiyede-akp-rejimi-baskani-recep-tayyip-erdogan","tag-ulkemizde-tedavi-gormelerini-olanak-saglamaktadirlar-suriyedeki-mevcut-durumdan-bizzat-supheliler-sorumludur-meydana-gelen-olumlerin-her-birinden-tek-tek-supheliler-sorumludur"],"_links":{"self":[{"href":"https:\/\/archive.sana.sy\/tr\/index.php?rest_route=\/wp\/v2\/posts\/19454","targetHints":{"allow":["GET"]}}],"collection":[{"href":"https:\/\/archive.sana.sy\/tr\/index.php?rest_route=\/wp\/v2\/posts"}],"about":[{"href":"https:\/\/archive.sana.sy\/tr\/index.php?rest_route=\/wp\/v2\/types\/post"}],"author":[{"embeddable":true,"href":"https:\/\/archive.sana.sy\/tr\/index.php?rest_route=\/wp\/v2\/users\/1"}],"replies":[{"embeddable":true,"href":"https:\/\/archive.sana.sy\/tr\/index.php?rest_route=%2Fwp%2Fv2%2Fcomments&post=19454"}],"version-history":[{"count":0,"href":"https:\/\/archive.sana.sy\/tr\/index.php?rest_route=\/wp\/v2\/posts\/19454\/revisions"}],"wp:featuredmedia":[{"embeddable":true,"href":"https:\/\/archive.sana.sy\/tr\/index.php?rest_route=\/wp\/v2\/media\/19455"}],"wp:attachment":[{"href":"https:\/\/archive.sana.sy\/tr\/index.php?rest_route=%2Fwp%2Fv2%2Fmedia&parent=19454"}],"wp:term":[{"taxonomy":"category","embeddable":true,"href":"https:\/\/archive.sana.sy\/tr\/index.php?rest_route=%2Fwp%2Fv2%2Fcategories&post=19454"},{"taxonomy":"post_tag","embeddable":true,"href":"https:\/\/archive.sana.sy\/tr\/index.php?rest_route=%2Fwp%2Fv2%2Ftags&post=19454"}],"curies":[{"name":"wp","href":"https:\/\/api.w.org\/{rel}","templated":true}]}}