{"id":194865,"date":"2019-11-09T23:01:16","date_gmt":"2019-11-09T21:01:16","guid":{"rendered":"http:\/\/www.sana.sy\/tr\/?p=194865"},"modified":"2019-11-12T14:55:15","modified_gmt":"2019-11-12T12:55:15","slug":"paralimpik-olimpiyatlarina-katilacak","status":"publish","type":"post","link":"https:\/\/archive.sana.sy\/tr\/?p=194865","title":{"rendered":"Paralimpik Olimpiyatlar\u0131na Kat\u0131lacak"},"content":{"rendered":"<p style=\"text-align: justify;\">ABU DAB\u0130 \u2013 Suriye \u00f6zel milli tak\u0131m oyuncusu Ala Abd\u00fcsselam 2020 y\u0131l\u0131nda Japonya\u2019n\u0131n ba\u015fkenti Tokyo\u2019da d\u00fczenlenecek Uluslararas\u0131 Paralimpik Olimpiyatlar\u0131na kat\u0131lma hakk\u0131 kazand\u0131.<\/p>\n<p style=\"text-align: justify;\">Abd\u00fcsselam bug\u00fcn Dubai\u2019de d\u00fczenlenen Uluslararas\u0131 Olimpiyatlarda g\u00fclle at\u0131m\u0131nda 7 metre 41 cm kaydedip bronz madalya kazanmas\u0131 ard\u0131ndan Paralimpik Olimpiyatlar\u0131na kat\u0131lma hakk\u0131n\u0131 elde etti.<\/p>\n<p style=\"text-align: justify;\">Suriye milli tak\u0131m oyuncusu Muhammed Halit el Muhammed ise d\u00fcn ayn\u0131 oyunda g\u00fcm\u00fc\u015f madalya kanarak yine s\u00f6z konusu olimpiyatlara kat\u0131lma hakk\u0131n\u0131 elde etmi\u015fti.<\/p>\n<p>\u00c7eviri: S.\u015eahut<\/p>\n","protected":false},"excerpt":{"rendered":"<p>ABU DAB\u0130 \u2013 Suriye \u00f6zel milli tak\u0131m oyuncusu Ala Abd\u00fcsselam 2020 y\u0131l\u0131nda Japonya\u2019n\u0131n ba\u015fkenti Tokyo\u2019da d\u00fczenlenecek Uluslararas\u0131 Paralimpik Olimpiyatlar\u0131na kat\u0131lma hakk\u0131 kazand\u0131. Abd\u00fcsselam bug\u00fcn Dubai\u2019de d\u00fczenlenen Uluslararas\u0131 Olimpiyatlarda g\u00fclle at\u0131m\u0131nda 7 metre 41 cm kaydedip bronz madalya kazanmas\u0131 ard\u0131ndan Paralimpik Olimpiyatlar\u0131na kat\u0131lma hakk\u0131n\u0131 elde etti. Suriye milli tak\u0131m oyuncusu Muhammed Halit el Muhammed ise d\u00fcn &hellip;<\/p>\n","protected":false},"author":1,"featured_media":194866,"comment_status":"closed","ping_status":"closed","sticky":false,"template":"","format":"standard","meta":{"footnotes":""},"categories":[498,17988,496],"tags":[],"class_list":["post-194865","post","type-post","status-publish","format-standard","has-post-thumbnail","","category-dunya-turnuvalari","category-son-haberler","category-spor"],"_links":{"self":[{"href":"https:\/\/archive.sana.sy\/tr\/index.php?rest_route=\/wp\/v2\/posts\/194865","targetHints":{"allow":["GET"]}}],"collection":[{"href":"https:\/\/archive.sana.sy\/tr\/index.php?rest_route=\/wp\/v2\/posts"}],"about":[{"href":"https:\/\/archive.sana.sy\/tr\/index.php?rest_route=\/wp\/v2\/types\/post"}],"author":[{"embeddable":true,"href":"https:\/\/archive.sana.sy\/tr\/index.php?rest_route=\/wp\/v2\/users\/1"}],"replies":[{"embeddable":true,"href":"https:\/\/archive.sana.sy\/tr\/index.php?rest_route=%2Fwp%2Fv2%2Fcomments&post=194865"}],"version-history":[{"count":0,"href":"https:\/\/archive.sana.sy\/tr\/index.php?rest_route=\/wp\/v2\/posts\/194865\/revisions"}],"wp:featuredmedia":[{"embeddable":true,"href":"https:\/\/archive.sana.sy\/tr\/index.php?rest_route=\/wp\/v2\/media\/194866"}],"wp:attachment":[{"href":"https:\/\/archive.sana.sy\/tr\/index.php?rest_route=%2Fwp%2Fv2%2Fmedia&parent=194865"}],"wp:term":[{"taxonomy":"category","embeddable":true,"href":"https:\/\/archive.sana.sy\/tr\/index.php?rest_route=%2Fwp%2Fv2%2Fcategories&post=194865"},{"taxonomy":"post_tag","embeddable":true,"href":"https:\/\/archive.sana.sy\/tr\/index.php?rest_route=%2Fwp%2Fv2%2Ftags&post=194865"}],"curies":[{"name":"wp","href":"https:\/\/api.w.org\/{rel}","templated":true}]}}