{"id":194868,"date":"2019-11-10T12:01:33","date_gmt":"2019-11-10T10:01:33","guid":{"rendered":"http:\/\/www.sana.sy\/tr\/?p=194868"},"modified":"2019-11-12T14:37:03","modified_gmt":"2019-11-12T12:37:03","slug":"iran-suriyenin-egemenligi-birligi-ve-toprak-butunlugune-verdigi-destegi-yineledi","status":"publish","type":"post","link":"https:\/\/archive.sana.sy\/tr\/?p=194868","title":{"rendered":"\u0130ran, Suriye&#8217;nin Egemenli\u011fi, Birli\u011fi Ve Toprak B\u00fct\u00fcnl\u00fc\u011f\u00fcne Verdi\u011fi Deste\u011fi Yineledi"},"content":{"rendered":"<p>TAHRAN &#8211; \u0130ran \u015eura Konseyinde Ulusal G\u00fcvenlik ve D\u0131\u015f Politika Komitesi \u00fcyesi Alauddin Brojerdi, \u00fclkesinin Suriye&#8217;nin egemenli\u011fi, birli\u011fi ve toprak b\u00fct\u00fcnl\u00fc\u011f\u00fcn\u00fc korumaya verdi\u011fi deste\u011fi ve g\u00fc\u00e7l\u00fc ba\u011fl\u0131l\u0131\u011f\u0131n\u0131 yineledi.<\/p>\n<p>Bug\u00fcn Tahran\u2019da, Halk Meclisi \u00fcyesi ve Suriye-\u0130ran Dostluk Derne\u011fi Ba\u015fkan Yard\u0131mc\u0131s\u0131 H\u00fczeyin Rag\u0131p ile g\u00f6r\u00fc\u015fmesinde Brojerdi, \u0130ran\u2019\u0131n T\u00fcrk i\u015fgalini hakl\u0131 g\u00f6sterme ve aklama \u015fekil ve giri\u015fimlerinin t\u00fcm\u00fcn\u00fc reddetti\u011fini dile getirerek, \u0130ran \u015eura Konseyi&#8217;nin Amerika&#8217;n\u0131n iki \u00fclkeye dayatt\u0131\u011f\u0131 tek tarafl\u0131 zorlay\u0131c\u0131 ekonomik \u00f6nlemlere kar\u015f\u0131 koymak i\u00e7in, iki \u00fclke aras\u0131ndaki ili\u015fkileri \u00e7e\u015fitli alanlarda geli\u015ftirme s\u00fcrecinde her t\u00fcrl\u00fc icraat\u0131 memnuniyetle kar\u015f\u0131lad\u0131\u011f\u0131na i\u015faret etti.<\/p>\n<p>Brojerdi, iki \u00fclke aras\u0131ndaki dostane ve tarihi ba\u011flardan yola \u00e7\u0131karak, \u0130ran ve Suriye aras\u0131ndaki i\u015fbirli\u011fini peki\u015ftirme \u00e7a\u011fr\u0131s\u0131nda bulundu.<\/p>\n<p>Kendi y\u00f6n\u00fcnden H\u00fcseyin Rag\u0131p ise, ABD&#8217;nin Suriye ve \u0130ran&#8217;a dayatt\u0131\u011f\u0131 zorlay\u0131c\u0131 ekonomik \u00f6nlemlerin yasad\u0131\u015f\u0131 oldu\u011funu vurgulad\u0131.<\/p>\n<p>\u00c7eviri: S.\u015eahut<\/p>\n","protected":false},"excerpt":{"rendered":"<p>TAHRAN &#8211; \u0130ran \u015eura Konseyinde Ulusal G\u00fcvenlik ve D\u0131\u015f Politika Komitesi \u00fcyesi Alauddin Brojerdi, \u00fclkesinin Suriye&#8217;nin egemenli\u011fi, birli\u011fi ve toprak b\u00fct\u00fcnl\u00fc\u011f\u00fcn\u00fc korumaya verdi\u011fi deste\u011fi ve g\u00fc\u00e7l\u00fc ba\u011fl\u0131l\u0131\u011f\u0131n\u0131 yineledi. Bug\u00fcn Tahran\u2019da, Halk Meclisi \u00fcyesi ve Suriye-\u0130ran Dostluk Derne\u011fi Ba\u015fkan Yard\u0131mc\u0131s\u0131 H\u00fczeyin Rag\u0131p ile g\u00f6r\u00fc\u015fmesinde Brojerdi, \u0130ran\u2019\u0131n T\u00fcrk i\u015fgalini hakl\u0131 g\u00f6sterme ve aklama \u015fekil ve giri\u015fimlerinin t\u00fcm\u00fcn\u00fc &hellip;<\/p>\n","protected":false},"author":1,"featured_media":194869,"comment_status":"closed","ping_status":"closed","sticky":false,"template":"","format":"standard","meta":{"footnotes":""},"categories":[458,459,17988],"tags":[],"class_list":["post-194868","post","type-post","status-publish","format-standard","has-post-thumbnail","","category-dunya1","category-haberler-arap-uluslararasi-politika","category-son-haberler"],"_links":{"self":[{"href":"https:\/\/archive.sana.sy\/tr\/index.php?rest_route=\/wp\/v2\/posts\/194868","targetHints":{"allow":["GET"]}}],"collection":[{"href":"https:\/\/archive.sana.sy\/tr\/index.php?rest_route=\/wp\/v2\/posts"}],"about":[{"href":"https:\/\/archive.sana.sy\/tr\/index.php?rest_route=\/wp\/v2\/types\/post"}],"author":[{"embeddable":true,"href":"https:\/\/archive.sana.sy\/tr\/index.php?rest_route=\/wp\/v2\/users\/1"}],"replies":[{"embeddable":true,"href":"https:\/\/archive.sana.sy\/tr\/index.php?rest_route=%2Fwp%2Fv2%2Fcomments&post=194868"}],"version-history":[{"count":0,"href":"https:\/\/archive.sana.sy\/tr\/index.php?rest_route=\/wp\/v2\/posts\/194868\/revisions"}],"wp:featuredmedia":[{"embeddable":true,"href":"https:\/\/archive.sana.sy\/tr\/index.php?rest_route=\/wp\/v2\/media\/194869"}],"wp:attachment":[{"href":"https:\/\/archive.sana.sy\/tr\/index.php?rest_route=%2Fwp%2Fv2%2Fmedia&parent=194868"}],"wp:term":[{"taxonomy":"category","embeddable":true,"href":"https:\/\/archive.sana.sy\/tr\/index.php?rest_route=%2Fwp%2Fv2%2Fcategories&post=194868"},{"taxonomy":"post_tag","embeddable":true,"href":"https:\/\/archive.sana.sy\/tr\/index.php?rest_route=%2Fwp%2Fv2%2Ftags&post=194868"}],"curies":[{"name":"wp","href":"https:\/\/api.w.org\/{rel}","templated":true}]}}