{"id":194871,"date":"2019-11-10T12:22:36","date_gmt":"2019-11-10T10:22:36","guid":{"rendered":"http:\/\/www.sana.sy\/tr\/?p=194871"},"modified":"2019-11-12T14:37:26","modified_gmt":"2019-11-12T12:37:26","slug":"suriye-a-milli-futbol-takimi-cin-ve-filipinler-maclari-icin-dubaiye-gitti","status":"publish","type":"post","link":"https:\/\/archive.sana.sy\/tr\/?p=194871","title":{"rendered":"Suriye A Milli Futbol Tak\u0131m\u0131 \u00c7in ve Filipinler Ma\u00e7lar\u0131 \u0130\u00e7in Dubai&#8217;ye Gitti"},"content":{"rendered":"<p>\u015eAM \u2013 Suriye A Milli Futbol tak\u0131m\u0131 bu sabah 2022 D\u00fcnya Kupas\u0131 ve 2023 Asya Kupas\u0131 ortak elemeleri \u00e7er\u00e7evesinde 14 ve 19 Kas\u0131m tarihlerinde oynayaca\u011f\u0131 \u00c7in ve Filipinler ma\u00e7lar\u0131 i\u00e7in Dubai&#8217;ye gitti.<\/p>\n<p>Millilerimiz d\u00fcn \u015eam Feyhaa Stad\u0131nda Teknik Direkt\u00f6r Fecr \u0130brahim ile antrenman d\u00fczenledi. Antrenmana sa\u011fl\u0131k problemleri sebebiyle Halit Mubayy\u0131d ve Ahmet el A\u015fkar kat\u0131lmad\u0131.<\/p>\n<p>Halit Mubayy\u0131d&#8217;\u0131n sa\u011fl\u0131k problemlerinden dolay\u0131 heyete kat\u0131mamas\u0131ndan yerine Mazin el \u0130s davet edildi.<\/p>\n<p>D\u00fcnk\u00fc antrenmana, \u0130brahim Aalme, Halit\u0130brahim, Ahmet el \u015eeyh, Ahmet el Salih, H\u00fcseyin Cuveyd, Abdullah el \u015eami, Muayyed el Accan, Halit K\u00fcrdo\u011fli, Verd Selame, Yusuf Muhammed, Muhammed Mermur, Kamil Hmey\u015fe, Usama \u00d6meri, Mardik Mardikyan ve \u00d6mer el Soma kat\u0131ld\u0131.<\/p>\n<p>Millilerimiz birinci grupta 9 puanla ilk s\u0131rada yer al\u0131rken, \u00c7in 7 paunala ikinci, Filipinler 4 puanla 3., Maldivler 3 puanla 4. Guam ise puans\u0131z son s\u0131rada yere al\u0131yor.<\/p>\n<p>\u00c7eviri: S.\u015eahut<\/p>\n","protected":false},"excerpt":{"rendered":"<p>\u015eAM \u2013 Suriye A Milli Futbol tak\u0131m\u0131 bu sabah 2022 D\u00fcnya Kupas\u0131 ve 2023 Asya Kupas\u0131 ortak elemeleri \u00e7er\u00e7evesinde 14 ve 19 Kas\u0131m tarihlerinde oynayaca\u011f\u0131 \u00c7in ve Filipinler ma\u00e7lar\u0131 i\u00e7in Dubai&#8217;ye gitti. Millilerimiz d\u00fcn \u015eam Feyhaa Stad\u0131nda Teknik Direkt\u00f6r Fecr \u0130brahim ile antrenman d\u00fczenledi. Antrenmana sa\u011fl\u0131k problemleri sebebiyle Halit Mubayy\u0131d ve Ahmet el A\u015fkar kat\u0131lmad\u0131. &hellip;<\/p>\n","protected":false},"author":1,"featured_media":194872,"comment_status":"closed","ping_status":"closed","sticky":false,"template":"","format":"standard","meta":{"footnotes":""},"categories":[17988,496,497],"tags":[],"class_list":["post-194871","post","type-post","status-publish","format-standard","has-post-thumbnail","","category-son-haberler","category-spor","category-yerel-turnuvalar"],"_links":{"self":[{"href":"https:\/\/archive.sana.sy\/tr\/index.php?rest_route=\/wp\/v2\/posts\/194871","targetHints":{"allow":["GET"]}}],"collection":[{"href":"https:\/\/archive.sana.sy\/tr\/index.php?rest_route=\/wp\/v2\/posts"}],"about":[{"href":"https:\/\/archive.sana.sy\/tr\/index.php?rest_route=\/wp\/v2\/types\/post"}],"author":[{"embeddable":true,"href":"https:\/\/archive.sana.sy\/tr\/index.php?rest_route=\/wp\/v2\/users\/1"}],"replies":[{"embeddable":true,"href":"https:\/\/archive.sana.sy\/tr\/index.php?rest_route=%2Fwp%2Fv2%2Fcomments&post=194871"}],"version-history":[{"count":0,"href":"https:\/\/archive.sana.sy\/tr\/index.php?rest_route=\/wp\/v2\/posts\/194871\/revisions"}],"wp:featuredmedia":[{"embeddable":true,"href":"https:\/\/archive.sana.sy\/tr\/index.php?rest_route=\/wp\/v2\/media\/194872"}],"wp:attachment":[{"href":"https:\/\/archive.sana.sy\/tr\/index.php?rest_route=%2Fwp%2Fv2%2Fmedia&parent=194871"}],"wp:term":[{"taxonomy":"category","embeddable":true,"href":"https:\/\/archive.sana.sy\/tr\/index.php?rest_route=%2Fwp%2Fv2%2Fcategories&post=194871"},{"taxonomy":"post_tag","embeddable":true,"href":"https:\/\/archive.sana.sy\/tr\/index.php?rest_route=%2Fwp%2Fv2%2Ftags&post=194871"}],"curies":[{"name":"wp","href":"https:\/\/api.w.org\/{rel}","templated":true}]}}