{"id":194911,"date":"2019-11-11T07:33:37","date_gmt":"2019-11-11T05:33:37","guid":{"rendered":"http:\/\/www.sana.sy\/tr\/?p=194911"},"modified":"2019-11-11T07:33:37","modified_gmt":"2019-11-11T05:33:37","slug":"cumhurbaskani-esad-esad-rus-rt-international-world-kanalinin-kendisiyle-duzenledigi-roportajda-rusyanin-suriyeye-terorle-mucadelede-yardim-ettigini-cunku-halkini-savundugunu-belirterek-teror-v","status":"publish","type":"post","link":"https:\/\/archive.sana.sy\/tr\/?p=194911","title":{"rendered":"Cumhurba\u015fkan\u0131 Esad Esad Rus RT \u0130nternational World Kanal\u0131n\u0131n kendisiyle d\u00fczenledi\u011fi r\u00f6portajda, Rusya&#8217;n\u0131n Suriye&#8217;ye ter\u00f6rle m\u00fccadelede yard\u0131m etti\u011fini \u00e7\u00fcnk\u00fc halk\u0131n\u0131 savundu\u011funu belirterek, &#8220;ter\u00f6r ve ideolojisinin s\u0131n\u0131r\u0131 yoktur."},"content":{"rendered":"","protected":false},"excerpt":{"rendered":"","protected":false},"author":1,"featured_media":0,"comment_status":"closed","ping_status":"closed","sticky":false,"template":"","format":"standard","meta":{"footnotes":""},"categories":[17991],"tags":[],"class_list":["post-194911","post","type-post","status-publish","format-standard","","category-son-dakika"],"_links":{"self":[{"href":"https:\/\/archive.sana.sy\/tr\/index.php?rest_route=\/wp\/v2\/posts\/194911","targetHints":{"allow":["GET"]}}],"collection":[{"href":"https:\/\/archive.sana.sy\/tr\/index.php?rest_route=\/wp\/v2\/posts"}],"about":[{"href":"https:\/\/archive.sana.sy\/tr\/index.php?rest_route=\/wp\/v2\/types\/post"}],"author":[{"embeddable":true,"href":"https:\/\/archive.sana.sy\/tr\/index.php?rest_route=\/wp\/v2\/users\/1"}],"replies":[{"embeddable":true,"href":"https:\/\/archive.sana.sy\/tr\/index.php?rest_route=%2Fwp%2Fv2%2Fcomments&post=194911"}],"version-history":[{"count":0,"href":"https:\/\/archive.sana.sy\/tr\/index.php?rest_route=\/wp\/v2\/posts\/194911\/revisions"}],"wp:attachment":[{"href":"https:\/\/archive.sana.sy\/tr\/index.php?rest_route=%2Fwp%2Fv2%2Fmedia&parent=194911"}],"wp:term":[{"taxonomy":"category","embeddable":true,"href":"https:\/\/archive.sana.sy\/tr\/index.php?rest_route=%2Fwp%2Fv2%2Fcategories&post=194911"},{"taxonomy":"post_tag","embeddable":true,"href":"https:\/\/archive.sana.sy\/tr\/index.php?rest_route=%2Fwp%2Fv2%2Ftags&post=194911"}],"curies":[{"name":"wp","href":"https:\/\/api.w.org\/{rel}","templated":true}]}}