{"id":194928,"date":"2019-11-11T07:53:09","date_gmt":"2019-11-11T05:53:09","guid":{"rendered":"http:\/\/www.sana.sy\/tr\/?p=194928"},"modified":"2019-11-11T07:53:36","modified_gmt":"2019-11-11T05:53:36","slug":"esad-isid-teror-orgutunun-2014-yilindan-bu-yana-suriye-petrolunun-calinmasinda-iki-ortagi-bulunuyor-bunlarin-biri-turk-rejim-baskani-recep-tayyip-erdogan-ve-zumresi-ile-her-zaman-baska-ulkeleri-gasp","status":"publish","type":"post","link":"https:\/\/archive.sana.sy\/tr\/?p=194928","title":{"rendered":"Esad: I\u015e\u0130D ter\u00f6r \u00f6rg\u00fct\u00fcn\u00fcn 2014 y\u0131l\u0131ndan bu yana Suriye petrol\u00fcn\u00fcn \u00e7al\u0131nmas\u0131nda iki orta\u011f\u0131 bulunuyor, bunlar\u0131n biri T\u00fcrk rejim ba\u015fkan\u0131 Recep Tayyip Erdo\u011fan ve z\u00fcmresi ile her zaman ba\u015fka \u00fclkeleri gasp etmeye \u00e7al\u0131\u015fan Amerikal\u0131lard\u0131r."},"content":{"rendered":"","protected":false},"excerpt":{"rendered":"","protected":false},"author":1,"featured_media":0,"comment_status":"closed","ping_status":"closed","sticky":false,"template":"","format":"standard","meta":{"footnotes":""},"categories":[17991],"tags":[],"class_list":["post-194928","post","type-post","status-publish","format-standard","","category-son-dakika"],"_links":{"self":[{"href":"https:\/\/archive.sana.sy\/tr\/index.php?rest_route=\/wp\/v2\/posts\/194928","targetHints":{"allow":["GET"]}}],"collection":[{"href":"https:\/\/archive.sana.sy\/tr\/index.php?rest_route=\/wp\/v2\/posts"}],"about":[{"href":"https:\/\/archive.sana.sy\/tr\/index.php?rest_route=\/wp\/v2\/types\/post"}],"author":[{"embeddable":true,"href":"https:\/\/archive.sana.sy\/tr\/index.php?rest_route=\/wp\/v2\/users\/1"}],"replies":[{"embeddable":true,"href":"https:\/\/archive.sana.sy\/tr\/index.php?rest_route=%2Fwp%2Fv2%2Fcomments&post=194928"}],"version-history":[{"count":0,"href":"https:\/\/archive.sana.sy\/tr\/index.php?rest_route=\/wp\/v2\/posts\/194928\/revisions"}],"wp:attachment":[{"href":"https:\/\/archive.sana.sy\/tr\/index.php?rest_route=%2Fwp%2Fv2%2Fmedia&parent=194928"}],"wp:term":[{"taxonomy":"category","embeddable":true,"href":"https:\/\/archive.sana.sy\/tr\/index.php?rest_route=%2Fwp%2Fv2%2Fcategories&post=194928"},{"taxonomy":"post_tag","embeddable":true,"href":"https:\/\/archive.sana.sy\/tr\/index.php?rest_route=%2Fwp%2Fv2%2Ftags&post=194928"}],"curies":[{"name":"wp","href":"https:\/\/api.w.org\/{rel}","templated":true}]}}