{"id":194932,"date":"2019-11-11T07:55:08","date_gmt":"2019-11-11T05:55:08","guid":{"rendered":"http:\/\/www.sana.sy\/tr\/?p=194932"},"modified":"2019-11-11T07:55:08","modified_gmt":"2019-11-11T05:55:08","slug":"esad-turk-halki-komsumuzdur-ortak-tarihimiz-vardir-turk-halkini-kendimize-dusman-ilan-edemeyiz-dusman-erdogandir-politikalari-ve-zumresidir","status":"publish","type":"post","link":"https:\/\/archive.sana.sy\/tr\/?p=194932","title":{"rendered":"Esad: T\u00fcrk halk\u0131 kom\u015fumuzdur. Ortak tarihimiz vard\u0131r. T\u00fcrk halk\u0131n\u0131 kendimize d\u00fc\u015fman ilan edemeyiz. D\u00fc\u015fman Erdo\u011fand\u0131r, politikalar\u0131 ve z\u00fcmresidir."},"content":{"rendered":"","protected":false},"excerpt":{"rendered":"","protected":false},"author":1,"featured_media":0,"comment_status":"closed","ping_status":"closed","sticky":false,"template":"","format":"standard","meta":{"footnotes":""},"categories":[17991],"tags":[],"class_list":["post-194932","post","type-post","status-publish","format-standard","","category-son-dakika"],"_links":{"self":[{"href":"https:\/\/archive.sana.sy\/tr\/index.php?rest_route=\/wp\/v2\/posts\/194932","targetHints":{"allow":["GET"]}}],"collection":[{"href":"https:\/\/archive.sana.sy\/tr\/index.php?rest_route=\/wp\/v2\/posts"}],"about":[{"href":"https:\/\/archive.sana.sy\/tr\/index.php?rest_route=\/wp\/v2\/types\/post"}],"author":[{"embeddable":true,"href":"https:\/\/archive.sana.sy\/tr\/index.php?rest_route=\/wp\/v2\/users\/1"}],"replies":[{"embeddable":true,"href":"https:\/\/archive.sana.sy\/tr\/index.php?rest_route=%2Fwp%2Fv2%2Fcomments&post=194932"}],"version-history":[{"count":0,"href":"https:\/\/archive.sana.sy\/tr\/index.php?rest_route=\/wp\/v2\/posts\/194932\/revisions"}],"wp:attachment":[{"href":"https:\/\/archive.sana.sy\/tr\/index.php?rest_route=%2Fwp%2Fv2%2Fmedia&parent=194932"}],"wp:term":[{"taxonomy":"category","embeddable":true,"href":"https:\/\/archive.sana.sy\/tr\/index.php?rest_route=%2Fwp%2Fv2%2Fcategories&post=194932"},{"taxonomy":"post_tag","embeddable":true,"href":"https:\/\/archive.sana.sy\/tr\/index.php?rest_route=%2Fwp%2Fv2%2Ftags&post=194932"}],"curies":[{"name":"wp","href":"https:\/\/api.w.org\/{rel}","templated":true}]}}