{"id":195352,"date":"2019-11-17T22:38:50","date_gmt":"2019-11-17T20:38:50","guid":{"rendered":"http:\/\/www.sana.sy\/tr\/?p=195352"},"modified":"2019-11-18T13:56:28","modified_gmt":"2019-11-18T11:56:28","slug":"tarihte-ilk-vergi-sistemi-belgesini-cikaran-kendileriydi","status":"publish","type":"post","link":"https:\/\/archive.sana.sy\/tr\/?p=195352","title":{"rendered":"Tarihte \u0130lk Vergi Sistemi Belgesini \u00c7\u0131karan Kendileriydi"},"content":{"rendered":"<p style=\"text-align: justify;\">PALM\u0130RA \u2013 Homs \u0130linin do\u011fusunda yer alan Palmira Medeniyeti \u0130pek Yolu \u00fczerindeki stratejik konumunun yan\u0131 s\u0131ra o zamanlarda civardaki bir\u00e7ok medeniyet ile ba\u011flant\u0131lar\u0131 nedeniyle insanl\u0131\u011f\u0131n ticaret ve ekonomi tarihinde b\u00fcy\u00fck bir rol ve \u00f6neme sahip oldu.<\/p>\n<p style=\"text-align: justify;\">Palmira medeniyetinin tarihte uluslar aras\u0131 ticaretin yan\u0131 s\u0131ra ba\u015fka alanlarda ileri d\u00fczeyde geli\u015fmi\u015f bir medeniyet kaydettiler. Palmira\u2019n\u0131n sahip oldu\u011fu stratejik konum sayesinde Palmiral\u0131lar\u0131n ya\u015fam\u0131 ve gelirleri ticaret ve ta\u015f\u0131mac\u0131l\u0131k \u00fczerine dayal\u0131 oldu.<\/p>\n<p style=\"text-align: justify;\">Palmira t\u00fcccarlar\u0131 o zamanlarda Palmira\u2019n\u0131n y\u00f6neticileri, emirleri ve y\u00f6netim meclisi \u00fcyeleriydi.<\/p>\n<p style=\"text-align: justify;\">Antik Palmira M\u00fczesi Sekreteri Halil el Hariri Palmira medeniyetinin insanl\u0131k tarihinde uluslar aras\u0131 ticarette ciddi bir \u00f6nem ve katk\u0131ya sahip oldu\u011funa dikkat \u00e7ekti.<\/p>\n<p style=\"text-align: justify;\">Hariri o zamanlarda do\u011fu ile bat\u0131 aras\u0131nda hareket eden t\u00fcm ticari kafilelerin Palmira Kentini ana merkez ve temel ge\u00e7it olarak kulland\u0131klar\u0131n\u0131 kaydetti. Palmira Medeniyetinin bu sayede ileri d\u00fczeyde bir ticarete sahip oldu\u011funu belirten Hariri; insanl\u0131k tarihinde vergi sistemine ili\u015fkin ilk belgeyi \u00e7\u0131karanlar\u0131n Palmiral\u0131lar oldu\u011funa vurgu yapt\u0131.<\/p>\n","protected":false},"excerpt":{"rendered":"<p>PALM\u0130RA \u2013 Homs \u0130linin do\u011fusunda yer alan Palmira Medeniyeti \u0130pek Yolu \u00fczerindeki stratejik konumunun yan\u0131 s\u0131ra o zamanlarda civardaki bir\u00e7ok medeniyet ile ba\u011flant\u0131lar\u0131 nedeniyle insanl\u0131\u011f\u0131n ticaret ve ekonomi tarihinde b\u00fcy\u00fck bir rol ve \u00f6neme sahip oldu. Palmira medeniyetinin tarihte uluslar aras\u0131 ticaretin yan\u0131 s\u0131ra ba\u015fka alanlarda ileri d\u00fczeyde geli\u015fmi\u015f bir medeniyet kaydettiler. Palmira\u2019n\u0131n sahip oldu\u011fu &hellip;<\/p>\n","protected":false},"author":1,"featured_media":195353,"comment_status":"closed","ping_status":"closed","sticky":false,"template":"","format":"standard","meta":{"footnotes":""},"categories":[516,479,511,17988,478],"tags":[],"class_list":["post-195352","post","type-post","status-publish","format-standard","has-post-thumbnail","","category-haberler-kultur-ve-sanat","category-haberler-yerel","category-kultur-ve-sanat","category-son-haberler","category-yerel"],"_links":{"self":[{"href":"https:\/\/archive.sana.sy\/tr\/index.php?rest_route=\/wp\/v2\/posts\/195352","targetHints":{"allow":["GET"]}}],"collection":[{"href":"https:\/\/archive.sana.sy\/tr\/index.php?rest_route=\/wp\/v2\/posts"}],"about":[{"href":"https:\/\/archive.sana.sy\/tr\/index.php?rest_route=\/wp\/v2\/types\/post"}],"author":[{"embeddable":true,"href":"https:\/\/archive.sana.sy\/tr\/index.php?rest_route=\/wp\/v2\/users\/1"}],"replies":[{"embeddable":true,"href":"https:\/\/archive.sana.sy\/tr\/index.php?rest_route=%2Fwp%2Fv2%2Fcomments&post=195352"}],"version-history":[{"count":0,"href":"https:\/\/archive.sana.sy\/tr\/index.php?rest_route=\/wp\/v2\/posts\/195352\/revisions"}],"wp:featuredmedia":[{"embeddable":true,"href":"https:\/\/archive.sana.sy\/tr\/index.php?rest_route=\/wp\/v2\/media\/195353"}],"wp:attachment":[{"href":"https:\/\/archive.sana.sy\/tr\/index.php?rest_route=%2Fwp%2Fv2%2Fmedia&parent=195352"}],"wp:term":[{"taxonomy":"category","embeddable":true,"href":"https:\/\/archive.sana.sy\/tr\/index.php?rest_route=%2Fwp%2Fv2%2Fcategories&post=195352"},{"taxonomy":"post_tag","embeddable":true,"href":"https:\/\/archive.sana.sy\/tr\/index.php?rest_route=%2Fwp%2Fv2%2Ftags&post=195352"}],"curies":[{"name":"wp","href":"https:\/\/api.w.org\/{rel}","templated":true}]}}