{"id":195355,"date":"2019-11-17T22:43:39","date_gmt":"2019-11-17T20:43:39","guid":{"rendered":"http:\/\/www.sana.sy\/tr\/?p=195355"},"modified":"2019-11-18T13:56:35","modified_gmt":"2019-11-18T11:56:35","slug":"urdunu-1-0-yendik","status":"publish","type":"post","link":"https:\/\/archive.sana.sy\/tr\/?p=195355","title":{"rendered":"\u00dcrd\u00fcn\u2019\u00fc 1-0 Yendik"},"content":{"rendered":"<p style=\"text-align: justify;\">ABU DAB\u0130 \u2013 Suriye olimpik futbol tak\u0131m\u0131 Birle\u015fik Arap Emirliklerinde oynanan Uluslararas\u0131 Abu Dabi Futbol Olimpiyatlar\u0131 kapsam\u0131nda oynad\u0131\u011f\u0131 \u00fc\u00e7\u00fcnc\u00fc ma\u00e7\u0131nda \u00dcrd\u00fcn tak\u0131m\u0131n\u0131 1-0 yendi.<\/p>\n<p style=\"text-align: justify;\">Ma\u00e7\u0131n yegane g\u00f6l\u00fcn\u00fc Ala el Dali 88. dakikada \u00dcrd\u00fcn ak\u0131m\u0131 kalesine kaydetti.<\/p>\n<p style=\"text-align: justify;\">Daha \u00f6nce Irak ve BAE tak\u0131mlar\u0131 kar\u015f\u0131s\u0131nda yenilen Suriye tak\u0131m\u0131 \u00f6n\u00fcm\u00fczdeki Sal\u0131 g\u00fcn\u00fc Bahreyn ile bir ma\u00e7 oynayacak.<\/p>\n","protected":false},"excerpt":{"rendered":"<p>ABU DAB\u0130 \u2013 Suriye olimpik futbol tak\u0131m\u0131 Birle\u015fik Arap Emirliklerinde oynanan Uluslararas\u0131 Abu Dabi Futbol Olimpiyatlar\u0131 kapsam\u0131nda oynad\u0131\u011f\u0131 \u00fc\u00e7\u00fcnc\u00fc ma\u00e7\u0131nda \u00dcrd\u00fcn tak\u0131m\u0131n\u0131 1-0 yendi. Ma\u00e7\u0131n yegane g\u00f6l\u00fcn\u00fc Ala el Dali 88. dakikada \u00dcrd\u00fcn ak\u0131m\u0131 kalesine kaydetti. Daha \u00f6nce Irak ve BAE tak\u0131mlar\u0131 kar\u015f\u0131s\u0131nda yenilen Suriye tak\u0131m\u0131 \u00f6n\u00fcm\u00fczdeki Sal\u0131 g\u00fcn\u00fc Bahreyn ile bir ma\u00e7 oynayacak.<\/p>\n","protected":false},"author":1,"featured_media":195356,"comment_status":"closed","ping_status":"closed","sticky":false,"template":"","format":"standard","meta":{"footnotes":""},"categories":[498,17988,496],"tags":[],"class_list":["post-195355","post","type-post","status-publish","format-standard","has-post-thumbnail","","category-dunya-turnuvalari","category-son-haberler","category-spor"],"_links":{"self":[{"href":"https:\/\/archive.sana.sy\/tr\/index.php?rest_route=\/wp\/v2\/posts\/195355","targetHints":{"allow":["GET"]}}],"collection":[{"href":"https:\/\/archive.sana.sy\/tr\/index.php?rest_route=\/wp\/v2\/posts"}],"about":[{"href":"https:\/\/archive.sana.sy\/tr\/index.php?rest_route=\/wp\/v2\/types\/post"}],"author":[{"embeddable":true,"href":"https:\/\/archive.sana.sy\/tr\/index.php?rest_route=\/wp\/v2\/users\/1"}],"replies":[{"embeddable":true,"href":"https:\/\/archive.sana.sy\/tr\/index.php?rest_route=%2Fwp%2Fv2%2Fcomments&post=195355"}],"version-history":[{"count":0,"href":"https:\/\/archive.sana.sy\/tr\/index.php?rest_route=\/wp\/v2\/posts\/195355\/revisions"}],"wp:featuredmedia":[{"embeddable":true,"href":"https:\/\/archive.sana.sy\/tr\/index.php?rest_route=\/wp\/v2\/media\/195356"}],"wp:attachment":[{"href":"https:\/\/archive.sana.sy\/tr\/index.php?rest_route=%2Fwp%2Fv2%2Fmedia&parent=195355"}],"wp:term":[{"taxonomy":"category","embeddable":true,"href":"https:\/\/archive.sana.sy\/tr\/index.php?rest_route=%2Fwp%2Fv2%2Fcategories&post=195355"},{"taxonomy":"post_tag","embeddable":true,"href":"https:\/\/archive.sana.sy\/tr\/index.php?rest_route=%2Fwp%2Fv2%2Ftags&post=195355"}],"curies":[{"name":"wp","href":"https:\/\/api.w.org\/{rel}","templated":true}]}}