{"id":195365,"date":"2019-11-18T12:14:19","date_gmt":"2019-11-18T10:14:19","guid":{"rendered":"http:\/\/www.sana.sy\/tr\/?p=195365"},"modified":"2019-11-19T13:35:04","modified_gmt":"2019-11-19T11:35:04","slug":"astana-gorusmelerinin-onumuzdeki-turu-onumuzdeki-ayin-baslarinda-duzenlenebilir","status":"publish","type":"post","link":"https:\/\/archive.sana.sy\/tr\/?p=195365","title":{"rendered":"Astana G\u00f6r\u00fc\u015fmelerinin \u00d6n\u00fcm\u00fczdeki Turu \u00d6n\u00fcm\u00fczdeki Ay\u0131n Ba\u015flar\u0131nda D\u00fczenlenebilir"},"content":{"rendered":"<p>NUR SULTAN &#8211; Kazakistan D\u0131\u015fi\u015fleri Bakan\u0131 Muhtar Tleuberdi bug\u00fcn yapt\u0131\u011f\u0131 a\u00e7\u0131klamada, Suriye kriziyle ilgili Astana g\u00f6r\u00fc\u015fmelerinin bir sonraki turunun ba\u015fkent Nur Sultan&#8217;da Aral\u0131k ay\u0131 ba\u015flar\u0131nda yap\u0131labilece\u011fini ilan etti.<\/p>\n<p>Sputnik taraf\u0131ndan yay\u0131nlanan a\u00e7\u0131klamalar\u0131nda Tleuberdi, Bakanl\u0131\u011f\u0131n\u0131n Astana s\u00fcreci garant\u00f6rleri Rusya, \u0130ran ve T\u00fcrkiye&#8217;den resmi bir talep bekledi\u011fini s\u00f6yledi.<\/p>\n<p>\u00c7eviri: S.\u015eahut<\/p>\n","protected":false},"excerpt":{"rendered":"<p>NUR SULTAN &#8211; Kazakistan D\u0131\u015fi\u015fleri Bakan\u0131 Muhtar Tleuberdi bug\u00fcn yapt\u0131\u011f\u0131 a\u00e7\u0131klamada, Suriye kriziyle ilgili Astana g\u00f6r\u00fc\u015fmelerinin bir sonraki turunun ba\u015fkent Nur Sultan&#8217;da Aral\u0131k ay\u0131 ba\u015flar\u0131nda yap\u0131labilece\u011fini ilan etti. Sputnik taraf\u0131ndan yay\u0131nlanan a\u00e7\u0131klamalar\u0131nda Tleuberdi, Bakanl\u0131\u011f\u0131n\u0131n Astana s\u00fcreci garant\u00f6rleri Rusya, \u0130ran ve T\u00fcrkiye&#8217;den resmi bir talep bekledi\u011fini s\u00f6yledi. \u00c7eviri: S.\u015eahut<\/p>\n","protected":false},"author":1,"featured_media":195367,"comment_status":"closed","ping_status":"closed","sticky":false,"template":"","format":"standard","meta":{"footnotes":""},"categories":[458,459,17988],"tags":[],"class_list":["post-195365","post","type-post","status-publish","format-standard","has-post-thumbnail","","category-dunya1","category-haberler-arap-uluslararasi-politika","category-son-haberler"],"_links":{"self":[{"href":"https:\/\/archive.sana.sy\/tr\/index.php?rest_route=\/wp\/v2\/posts\/195365","targetHints":{"allow":["GET"]}}],"collection":[{"href":"https:\/\/archive.sana.sy\/tr\/index.php?rest_route=\/wp\/v2\/posts"}],"about":[{"href":"https:\/\/archive.sana.sy\/tr\/index.php?rest_route=\/wp\/v2\/types\/post"}],"author":[{"embeddable":true,"href":"https:\/\/archive.sana.sy\/tr\/index.php?rest_route=\/wp\/v2\/users\/1"}],"replies":[{"embeddable":true,"href":"https:\/\/archive.sana.sy\/tr\/index.php?rest_route=%2Fwp%2Fv2%2Fcomments&post=195365"}],"version-history":[{"count":0,"href":"https:\/\/archive.sana.sy\/tr\/index.php?rest_route=\/wp\/v2\/posts\/195365\/revisions"}],"wp:featuredmedia":[{"embeddable":true,"href":"https:\/\/archive.sana.sy\/tr\/index.php?rest_route=\/wp\/v2\/media\/195367"}],"wp:attachment":[{"href":"https:\/\/archive.sana.sy\/tr\/index.php?rest_route=%2Fwp%2Fv2%2Fmedia&parent=195365"}],"wp:term":[{"taxonomy":"category","embeddable":true,"href":"https:\/\/archive.sana.sy\/tr\/index.php?rest_route=%2Fwp%2Fv2%2Fcategories&post=195365"},{"taxonomy":"post_tag","embeddable":true,"href":"https:\/\/archive.sana.sy\/tr\/index.php?rest_route=%2Fwp%2Fv2%2Ftags&post=195365"}],"curies":[{"name":"wp","href":"https:\/\/api.w.org\/{rel}","templated":true}]}}