{"id":195404,"date":"2019-11-18T14:14:40","date_gmt":"2019-11-18T12:14:40","guid":{"rendered":"http:\/\/www.sana.sy\/tr\/?p=195404"},"modified":"2019-11-18T14:14:57","modified_gmt":"2019-11-18T12:14:57","slug":"sam-ve-kunaytra-kirsallarinda-radikal-teror-gruplarindan-kalma-cephane-deposu-ele-gecirildi","status":"publish","type":"post","link":"https:\/\/archive.sana.sy\/tr\/?p=195404","title":{"rendered":"\u015eam ve Kunaytra k\u0131rsallar\u0131nda radikal ter\u00f6r gruplar\u0131ndan kalma cephane deposu ele ge\u00e7irildi"},"content":{"rendered":"<p>\u015eam ve Kunaytra k\u0131rsallar\u0131nda radikal ter\u00f6r gruplar\u0131ndan kalma cephane deposu ele ge\u00e7irildi<\/p>\n<p><iframe loading=\"lazy\" src=\"https:\/\/www.youtube.com\/embed\/BApWutu05-g\" width=\"620\" height=\"348\" frameborder=\"0\" allowfullscreen=\"allowfullscreen\"><\/iframe><\/p>\n","protected":false},"excerpt":{"rendered":"<p>\u015eam ve Kunaytra k\u0131rsallar\u0131nda radikal ter\u00f6r gruplar\u0131ndan kalma cephane deposu ele ge\u00e7irildi<\/p>\n","protected":false},"author":1,"featured_media":195405,"comment_status":"closed","ping_status":"closed","sticky":false,"template":"","format":"standard","meta":{"footnotes":""},"categories":[18295],"tags":[],"class_list":["post-195404","post","type-post","status-publish","format-standard","has-post-thumbnail","","category-sana-video"],"_links":{"self":[{"href":"https:\/\/archive.sana.sy\/tr\/index.php?rest_route=\/wp\/v2\/posts\/195404","targetHints":{"allow":["GET"]}}],"collection":[{"href":"https:\/\/archive.sana.sy\/tr\/index.php?rest_route=\/wp\/v2\/posts"}],"about":[{"href":"https:\/\/archive.sana.sy\/tr\/index.php?rest_route=\/wp\/v2\/types\/post"}],"author":[{"embeddable":true,"href":"https:\/\/archive.sana.sy\/tr\/index.php?rest_route=\/wp\/v2\/users\/1"}],"replies":[{"embeddable":true,"href":"https:\/\/archive.sana.sy\/tr\/index.php?rest_route=%2Fwp%2Fv2%2Fcomments&post=195404"}],"version-history":[{"count":0,"href":"https:\/\/archive.sana.sy\/tr\/index.php?rest_route=\/wp\/v2\/posts\/195404\/revisions"}],"wp:featuredmedia":[{"embeddable":true,"href":"https:\/\/archive.sana.sy\/tr\/index.php?rest_route=\/wp\/v2\/media\/195405"}],"wp:attachment":[{"href":"https:\/\/archive.sana.sy\/tr\/index.php?rest_route=%2Fwp%2Fv2%2Fmedia&parent=195404"}],"wp:term":[{"taxonomy":"category","embeddable":true,"href":"https:\/\/archive.sana.sy\/tr\/index.php?rest_route=%2Fwp%2Fv2%2Fcategories&post=195404"},{"taxonomy":"post_tag","embeddable":true,"href":"https:\/\/archive.sana.sy\/tr\/index.php?rest_route=%2Fwp%2Fv2%2Ftags&post=195404"}],"curies":[{"name":"wp","href":"https:\/\/api.w.org\/{rel}","templated":true}]}}