{"id":195407,"date":"2019-11-18T14:34:27","date_gmt":"2019-11-18T12:34:27","guid":{"rendered":"http:\/\/www.sana.sy\/tr\/?p=195407"},"modified":"2019-11-19T14:38:33","modified_gmt":"2019-11-19T12:38:33","slug":"isgalci-turk-guclerinden-destekli-terorsitler-isgal-ettikleri-bolgeleri-yagmaliyor","status":"publish","type":"post","link":"https:\/\/archive.sana.sy\/tr\/?p=195407","title":{"rendered":"\u0130\u015fgalci T\u00fcrk G\u00fc\u00e7lerinden Destekli Ter\u00f6ristler \u0130\u015fgal Edilen B\u00f6lgeleri Ya\u011fmal\u0131yor"},"content":{"rendered":"<p>HASEKE \u2013 \u0130\u015fgalci T\u00fcrk g\u00fc\u00e7leri ve onlara tabi kiral\u0131k ter\u00f6ristler Suriye topraklar\u0131na y\u00f6nelik sald\u0131rganl\u0131\u011f\u0131na devam ederken Tel Temr ve Rasul Ayn k\u0131rsal\u0131nda i\u015fgal ettikleri b\u00f6lgeleri ya\u011fmalama ve gen\u00e7 erkekleri ka\u00e7\u0131rma eylemlerini s\u00fcrd\u00fcr\u00fcyor.<\/p>\n<p>SANA muhabiri; Tel Temr k\u0131rsal\u0131n\u0131n kuzeyinde yer alan Kasimiye ve Re\u015fidiye k\u00f6ylerinin eksenlerinde T\u00fcrk i\u015fgalci g\u00fc\u00e7leri ve DSG gruplar\u0131 aras\u0131nda a\u011f\u0131r ve orta silahlar\u0131n kullan\u0131lmas\u0131yla yo\u011fun \u00e7at\u0131\u015fmalar\u0131n yer ald\u0131\u011f\u0131n\u0131 belirtti.<\/p>\n<p>Bu \u00e7er\u00e7evesinde muhabir; \u0130\u015fgalci T\u00fcrk g\u00fc\u00e7lerinin emrinde \u00e7al\u0131\u015fan kiral\u0131k ter\u00f6rist gruplar\u0131n\u0131n Tel Temr ve Rasul Ayn k\u0131rsal\u0131nda i\u015fgal ettikleri b\u00f6lgelerde hizmet altyap\u0131lar\u0131 ve \u00f6zel m\u00fclkleri ya\u011fmalamakta bulunduklar\u0131na i\u015faret ederken onlarca gen\u00e7 erkekleri de ka\u00e7\u0131rd\u0131klar\u0131n\u0131 belirtti.<\/p>\n<p>\u00c7eviri: P.M.<\/p>\n","protected":false},"excerpt":{"rendered":"<p>HASEKE \u2013 \u0130\u015fgalci T\u00fcrk g\u00fc\u00e7leri ve onlara tabi kiral\u0131k ter\u00f6ristler Suriye topraklar\u0131na y\u00f6nelik sald\u0131rganl\u0131\u011f\u0131na devam ederken Tel Temr ve Rasul Ayn k\u0131rsal\u0131nda i\u015fgal ettikleri b\u00f6lgeleri ya\u011fmalama ve gen\u00e7 erkekleri ka\u00e7\u0131rma eylemlerini s\u00fcrd\u00fcr\u00fcyor. SANA muhabiri; Tel Temr k\u0131rsal\u0131n\u0131n kuzeyinde yer alan Kasimiye ve Re\u015fidiye k\u00f6ylerinin eksenlerinde T\u00fcrk i\u015fgalci g\u00fc\u00e7leri ve DSG gruplar\u0131 aras\u0131nda a\u011f\u0131r ve orta &hellip;<\/p>\n","protected":false},"author":1,"featured_media":195408,"comment_status":"closed","ping_status":"closed","sticky":false,"template":"","format":"standard","meta":{"footnotes":""},"categories":[479,575,17988,478],"tags":[],"class_list":["post-195407","post","type-post","status-publish","format-standard","has-post-thumbnail","","category-haberler-yerel","category-olaylar-ve-gercekler","category-son-haberler","category-yerel"],"_links":{"self":[{"href":"https:\/\/archive.sana.sy\/tr\/index.php?rest_route=\/wp\/v2\/posts\/195407","targetHints":{"allow":["GET"]}}],"collection":[{"href":"https:\/\/archive.sana.sy\/tr\/index.php?rest_route=\/wp\/v2\/posts"}],"about":[{"href":"https:\/\/archive.sana.sy\/tr\/index.php?rest_route=\/wp\/v2\/types\/post"}],"author":[{"embeddable":true,"href":"https:\/\/archive.sana.sy\/tr\/index.php?rest_route=\/wp\/v2\/users\/1"}],"replies":[{"embeddable":true,"href":"https:\/\/archive.sana.sy\/tr\/index.php?rest_route=%2Fwp%2Fv2%2Fcomments&post=195407"}],"version-history":[{"count":0,"href":"https:\/\/archive.sana.sy\/tr\/index.php?rest_route=\/wp\/v2\/posts\/195407\/revisions"}],"wp:featuredmedia":[{"embeddable":true,"href":"https:\/\/archive.sana.sy\/tr\/index.php?rest_route=\/wp\/v2\/media\/195408"}],"wp:attachment":[{"href":"https:\/\/archive.sana.sy\/tr\/index.php?rest_route=%2Fwp%2Fv2%2Fmedia&parent=195407"}],"wp:term":[{"taxonomy":"category","embeddable":true,"href":"https:\/\/archive.sana.sy\/tr\/index.php?rest_route=%2Fwp%2Fv2%2Fcategories&post=195407"},{"taxonomy":"post_tag","embeddable":true,"href":"https:\/\/archive.sana.sy\/tr\/index.php?rest_route=%2Fwp%2Fv2%2Ftags&post=195407"}],"curies":[{"name":"wp","href":"https:\/\/api.w.org\/{rel}","templated":true}]}}