{"id":19544,"date":"2015-01-01T12:34:45","date_gmt":"2015-01-01T10:34:45","guid":{"rendered":"http:\/\/www.sana.sy\/tr\/?p=19544"},"modified":"2015-01-01T12:47:03","modified_gmt":"2015-01-01T10:47:03","slug":"savasta-ask-sinema-filminin-cekimi-basladi","status":"publish","type":"post","link":"https:\/\/archive.sana.sy\/tr\/?p=19544","title":{"rendered":"Sava\u015fta A\u015fk Sinema Filminin \u00c7ekimi Ba\u015flad\u0131"},"content":{"rendered":"<p>\u015eAM \u2013 Sinema Genel Kurumu d\u00fcn \u015eam\u2019\u0131n Ayn Kir\u015f Semtinde, Abd\u00fcllatif Abd\u00fclhamit\u2019in senaryosunu yaz\u0131p y\u00f6netmenli\u011fini yapt\u0131\u011f\u0131 \u2018Sava\u015fta A\u015fk\u2019 sinema filminin \u00e7ekimine ba\u015flad\u0131.<\/p>\n<p>\u00c7ekimin ba\u015flamas\u0131 m\u00fcnasebetiyle d\u00fczenlenen bas\u0131n konferans\u0131nda K\u00fclt\u00fcr Bakan\u0131 \u0130sam Halil Suriye&#8217;de sinema ve k\u00fclt\u00fcr durumunun tan\u0131k oldu\u011fu duruma \u0131\u015f\u0131k tuttu. Halil Suriye&#8217;de ulusal sorumluluk ve yurtseverli\u011fin k\u00fclt\u00fcrel \u00e7al\u0131\u015fmalara farkl\u0131 bir \u00f6zellik katt\u0131\u011f\u0131n\u0131 ifade etti.<\/p>\n<p>Bakan Halil Suriye&#8217;de sinema ve sinema oyuncular\u0131n\u0131n daha fazla desteklenmeleri gere\u011fine vurgu yaparken, buna ra\u011fmen Sinema Kurumunun yapt\u0131\u011f\u0131 filmlerin genelinin uluslar aras\u0131 d\u00fczeylerde \u00f6nemli \u00f6d\u00fcller ald\u0131klar\u0131na dikkat \u00e7ekti.<\/p>\n<div id='gallery-1' class='gallery galleryid-19544 gallery-columns-2 gallery-size-thumbnail'><figure class='gallery-item'>\n\t\t\t<div class='gallery-icon landscape'>\n\t\t\t\t<a href='https:\/\/archive.sana.sy\/tr\/wp-content\/uploads\/2015\/01\/sinema-filmi-1.jpg'><img loading=\"lazy\" decoding=\"async\" width=\"150\" height=\"80\" src=\"https:\/\/archive.sana.sy\/tr\/wp-content\/uploads\/2015\/01\/sinema-filmi-1-150x80.jpg\" class=\"attachment-thumbnail size-thumbnail\" alt=\"\" srcset=\"https:\/\/archive.sana.sy\/tr\/wp-content\/uploads\/2015\/01\/sinema-filmi-1-150x80.jpg 150w, https:\/\/archive.sana.sy\/tr\/wp-content\/uploads\/2015\/01\/sinema-filmi-1-300x160.jpg 300w, https:\/\/archive.sana.sy\/tr\/wp-content\/uploads\/2015\/01\/sinema-filmi-1.jpg 620w\" sizes=\"auto, (max-width: 150px) 100vw, 150px\" \/><\/a>\n\t\t\t<\/div><\/figure><figure class='gallery-item'>\n\t\t\t<div class='gallery-icon portrait'>\n\t\t\t\t<a href='https:\/\/archive.sana.sy\/tr\/wp-content\/uploads\/2015\/01\/sinema-filmi-3.jpg'><img loading=\"lazy\" decoding=\"async\" width=\"112\" height=\"150\" src=\"https:\/\/archive.sana.sy\/tr\/wp-content\/uploads\/2015\/01\/sinema-filmi-3-112x150.jpg\" class=\"attachment-thumbnail size-thumbnail\" alt=\"\" srcset=\"https:\/\/archive.sana.sy\/tr\/wp-content\/uploads\/2015\/01\/sinema-filmi-3-112x150.jpg 112w, https:\/\/archive.sana.sy\/tr\/wp-content\/uploads\/2015\/01\/sinema-filmi-3-224x300.jpg 224w, https:\/\/archive.sana.sy\/tr\/wp-content\/uploads\/2015\/01\/sinema-filmi-3-764x1024.jpg 764w\" sizes=\"auto, (max-width: 112px) 100vw, 112px\" \/><\/a>\n\t\t\t<\/div><\/figure>\n\t\t<\/div>\n\n<div style=\"width: 618px;\" class=\"wp-video\"><!--[if lt IE 9]><script>document.createElement('video');<\/script><![endif]-->\n<video class=\"wp-video-shortcode\" id=\"video-19544-1\" width=\"618\" height=\"348\" preload=\"metadata\" controls=\"controls\"><source type=\"video\/x-flv\" src=\"http:\/\/www.sana.sy\/tr\/wp-content\/uploads\/2015\/01\/Sava\u015fta-A\u015fk-Sinema-Filminin-\u00c7ekimi-Ba\u015flad\u0131.flv?_=1\" \/><a href=\"http:\/\/www.sana.sy\/tr\/wp-content\/uploads\/2015\/01\/Sava\u015fta-A\u015fk-Sinema-Filminin-\u00c7ekimi-Ba\u015flad\u0131.flv\">http:\/\/www.sana.sy\/tr\/wp-content\/uploads\/2015\/01\/Sava\u015fta-A\u015fk-Sinema-Filminin-\u00c7ekimi-Ba\u015flad\u0131.flv<\/a><\/video><\/div>\n","protected":false},"excerpt":{"rendered":"<p>\u015eAM \u2013 Sinema Genel Kurumu d\u00fcn \u015eam\u2019\u0131n Ayn Kir\u015f Semtinde, Abd\u00fcllatif Abd\u00fclhamit\u2019in senaryosunu yaz\u0131p y\u00f6netmenli\u011fini yapt\u0131\u011f\u0131 \u2018Sava\u015fta A\u015fk\u2019 sinema filminin \u00e7ekimine ba\u015flad\u0131. \u00c7ekimin ba\u015flamas\u0131 m\u00fcnasebetiyle d\u00fczenlenen bas\u0131n konferans\u0131nda K\u00fclt\u00fcr Bakan\u0131 \u0130sam Halil Suriye&#8217;de sinema ve k\u00fclt\u00fcr durumunun tan\u0131k oldu\u011fu duruma \u0131\u015f\u0131k tuttu. Halil Suriye&#8217;de ulusal sorumluluk ve yurtseverli\u011fin k\u00fclt\u00fcrel \u00e7al\u0131\u015fmalara farkl\u0131 bir \u00f6zellik katt\u0131\u011f\u0131n\u0131 ifade &hellip;<\/p>\n","protected":false},"author":1,"featured_media":19545,"comment_status":"closed","ping_status":"closed","sticky":false,"template":"","format":"standard","meta":{"footnotes":""},"categories":[516,511],"tags":[9266,9267,9265],"class_list":["post-19544","post","type-post","status-publish","format-standard","has-post-thumbnail","","category-haberler-kultur-ve-sanat","category-kultur-ve-sanat","tag-abdullatif-abdulhamitin-senaryosunu-yazip-yonetmenligini-yaptigi-savasta-ask-sinema-filminin-cekimine-basladi-cekimin-baslamasi-munasebetiyle-duzenlenen-basin-konferansinda","tag-buna-ragmen-sinema-kurumunun-yaptigi-filmlerin-genelinin-uluslar-arasi-duzeylerde-onemli-oduller-aldiklarina-dikkat-cekti","tag-savasta-ask-sinema-filminin-cekimi-basladi-sam-sinema-genel-kurumu-dun-samin-ayn-kirs-semtinde"],"_links":{"self":[{"href":"https:\/\/archive.sana.sy\/tr\/index.php?rest_route=\/wp\/v2\/posts\/19544","targetHints":{"allow":["GET"]}}],"collection":[{"href":"https:\/\/archive.sana.sy\/tr\/index.php?rest_route=\/wp\/v2\/posts"}],"about":[{"href":"https:\/\/archive.sana.sy\/tr\/index.php?rest_route=\/wp\/v2\/types\/post"}],"author":[{"embeddable":true,"href":"https:\/\/archive.sana.sy\/tr\/index.php?rest_route=\/wp\/v2\/users\/1"}],"replies":[{"embeddable":true,"href":"https:\/\/archive.sana.sy\/tr\/index.php?rest_route=%2Fwp%2Fv2%2Fcomments&post=19544"}],"version-history":[{"count":0,"href":"https:\/\/archive.sana.sy\/tr\/index.php?rest_route=\/wp\/v2\/posts\/19544\/revisions"}],"wp:featuredmedia":[{"embeddable":true,"href":"https:\/\/archive.sana.sy\/tr\/index.php?rest_route=\/wp\/v2\/media\/19545"}],"wp:attachment":[{"href":"https:\/\/archive.sana.sy\/tr\/index.php?rest_route=%2Fwp%2Fv2%2Fmedia&parent=19544"}],"wp:term":[{"taxonomy":"category","embeddable":true,"href":"https:\/\/archive.sana.sy\/tr\/index.php?rest_route=%2Fwp%2Fv2%2Fcategories&post=19544"},{"taxonomy":"post_tag","embeddable":true,"href":"https:\/\/archive.sana.sy\/tr\/index.php?rest_route=%2Fwp%2Fv2%2Ftags&post=19544"}],"curies":[{"name":"wp","href":"https:\/\/api.w.org\/{rel}","templated":true}]}}