{"id":195484,"date":"2019-11-19T16:05:34","date_gmt":"2019-11-19T14:05:34","guid":{"rendered":"http:\/\/www.sana.sy\/tr\/?p=195484"},"modified":"2019-11-20T15:20:14","modified_gmt":"2019-11-20T13:20:14","slug":"kilicdaroglu-erdoganin-despot-politikalari-tum-turklere-tehlike-arz-ediyor","status":"publish","type":"post","link":"https:\/\/archive.sana.sy\/tr\/?p=195484","title":{"rendered":"K\u0131l\u0131\u00e7daro\u011flu: Erdo\u011fan&#8217;\u0131n Despot Politikalar\u0131 T\u00fcm T\u00fcrklere Tehlike Arz Ediyor"},"content":{"rendered":"<p style=\"text-align: justify;\">ANKARA \u2013 Cumhuriyet Halk Partisi Ba\u015fkan\u0131 Kemal K\u0131l\u0131\u00e7daro\u011flu, T\u00fcr rejim ba\u015fkan\u0131 Recep Tayyip Erdo\u011fan&#8217;\u0131n despot politikalar\u0131n\u0131n t\u00fcm T\u00fcrklere tehlike olu\u015fturdu\u011funu ve bu politikalar g\u00f6lgesinde T\u00fcrkiye&#8217;de hi\u00e7 kimsenin mal\u0131n\u0131n ve hayat\u0131n\u0131n g\u00fcvende olmad\u0131\u011f\u0131n\u0131 belirtti.<\/p>\n<p style=\"text-align: justify;\">Partisi toplant\u0131s\u0131nda bug\u00fcn yapt\u0131\u011f\u0131 konu\u015fmada K\u0131l\u0131\u00e7daro\u011flu: &#8220;Erdo\u011fan demokrasiyi \u00f6ld\u00fcrd\u00fc. En \u00f6nemlisi h\u00fck\u00fcmlerini do\u011frudan kendisinden talimat alarak \u00e7\u0131karan yarg\u0131y\u0131 hegemonyas\u0131na ge\u00e7irdi\u011fi devlet cihazlar\u0131 kanal\u0131yla t\u00fcm muhaliflerinden kurtulmaya \u00e7al\u0131\u015f\u0131yor&#8221; diyerek; Erdo\u011fan&#8217;\u0131n en \u00f6nemlisi tamamen ortadan kald\u0131rd\u0131\u011f\u0131 bas\u0131n \u00f6zg\u00fcrl\u00fc\u011f\u00fc olan insan haklar\u0131 kriterlerinin en basitine kar\u015f\u0131t olan rejiminin temel adresi olan yolsuzluk kanal\u0131yla siyasi, ekonomi ve ahlaki t\u00fcm kriter ilkeleri y\u0131kt\u0131\u011f\u0131na dikkat \u00e7ekti.<\/p>\n<p style=\"text-align: justify;\">Suriye&#8217;ye y\u00f6nelik Erdo\u011fan politikas\u0131n\u0131 yeniden ele\u015ftiren K\u0131l\u0131\u00e7daro\u011flu, politikalar\u0131ndan do\u011fan \u00e7ok say\u0131da sonucun ancak ve ancak Suriye devletiyle diyalog ve koordinasyon kanal\u0131yla al\u0131nabilece\u011fine i\u015faret etti.<\/p>\n<p>\u00c7eviri: S.\u015eahut<\/p>\n","protected":false},"excerpt":{"rendered":"<p>ANKARA \u2013 Cumhuriyet Halk Partisi Ba\u015fkan\u0131 Kemal K\u0131l\u0131\u00e7daro\u011flu, T\u00fcr rejim ba\u015fkan\u0131 Recep Tayyip Erdo\u011fan&#8217;\u0131n despot politikalar\u0131n\u0131n t\u00fcm T\u00fcrklere tehlike olu\u015fturdu\u011funu ve bu politikalar g\u00f6lgesinde T\u00fcrkiye&#8217;de hi\u00e7 kimsenin mal\u0131n\u0131n ve hayat\u0131n\u0131n g\u00fcvende olmad\u0131\u011f\u0131n\u0131 belirtti. Partisi toplant\u0131s\u0131nda bug\u00fcn yapt\u0131\u011f\u0131 konu\u015fmada K\u0131l\u0131\u00e7daro\u011flu: &#8220;Erdo\u011fan demokrasiyi \u00f6ld\u00fcrd\u00fc. En \u00f6nemlisi h\u00fck\u00fcmlerini do\u011frudan kendisinden talimat alarak \u00e7\u0131karan yarg\u0131y\u0131 hegemonyas\u0131na ge\u00e7irdi\u011fi devlet cihazlar\u0131 &hellip;<\/p>\n","protected":false},"author":1,"featured_media":195485,"comment_status":"closed","ping_status":"closed","sticky":false,"template":"","format":"standard","meta":{"footnotes":""},"categories":[17988,2554,2555],"tags":[],"class_list":["post-195484","post","type-post","status-publish","format-standard","has-post-thumbnail","","category-son-haberler","category-suriye-ve-dunya","category-suriye-ve-turkiye"],"_links":{"self":[{"href":"https:\/\/archive.sana.sy\/tr\/index.php?rest_route=\/wp\/v2\/posts\/195484","targetHints":{"allow":["GET"]}}],"collection":[{"href":"https:\/\/archive.sana.sy\/tr\/index.php?rest_route=\/wp\/v2\/posts"}],"about":[{"href":"https:\/\/archive.sana.sy\/tr\/index.php?rest_route=\/wp\/v2\/types\/post"}],"author":[{"embeddable":true,"href":"https:\/\/archive.sana.sy\/tr\/index.php?rest_route=\/wp\/v2\/users\/1"}],"replies":[{"embeddable":true,"href":"https:\/\/archive.sana.sy\/tr\/index.php?rest_route=%2Fwp%2Fv2%2Fcomments&post=195484"}],"version-history":[{"count":0,"href":"https:\/\/archive.sana.sy\/tr\/index.php?rest_route=\/wp\/v2\/posts\/195484\/revisions"}],"wp:featuredmedia":[{"embeddable":true,"href":"https:\/\/archive.sana.sy\/tr\/index.php?rest_route=\/wp\/v2\/media\/195485"}],"wp:attachment":[{"href":"https:\/\/archive.sana.sy\/tr\/index.php?rest_route=%2Fwp%2Fv2%2Fmedia&parent=195484"}],"wp:term":[{"taxonomy":"category","embeddable":true,"href":"https:\/\/archive.sana.sy\/tr\/index.php?rest_route=%2Fwp%2Fv2%2Fcategories&post=195484"},{"taxonomy":"post_tag","embeddable":true,"href":"https:\/\/archive.sana.sy\/tr\/index.php?rest_route=%2Fwp%2Fv2%2Ftags&post=195484"}],"curies":[{"name":"wp","href":"https:\/\/api.w.org\/{rel}","templated":true}]}}