{"id":195487,"date":"2019-11-19T21:33:54","date_gmt":"2019-11-19T19:33:54","guid":{"rendered":"http:\/\/www.sana.sy\/tr\/?p=195487"},"modified":"2019-11-20T15:20:28","modified_gmt":"2019-11-20T13:20:28","slug":"isid-teroristlerinin-artiklarindan-mayinin-patlamasi-sonucunda-2-sivil-sehit-1-kadin-yarali","status":"publish","type":"post","link":"https:\/\/archive.sana.sy\/tr\/?p=195487","title":{"rendered":"I\u015e\u0130D Ter\u00f6ristlerinin Art\u0131klar\u0131ndan May\u0131n\u0131n Patlamas\u0131 Sonucunda 2 Sivil \u015eehit 1 Kad\u0131n Yaral\u0131"},"content":{"rendered":"<p style=\"text-align: justify;\">HOMS \u2013 Homs do\u011fu k\u0131rsal\u0131ndaki Tvinan K\u00f6y\u011fnde I\u015e\u0130D ter\u00f6r \u00f6rg\u00fct\u00fc art\u0131klar\u0131ndan bir yer may\u0131n\u0131n\u0131n patlamas\u0131 sonucunda 2 sivil \u015fehit d\u00fc\u015ft\u00fc 1 kad\u0131n da yaraland\u0131.<\/p>\n<p style=\"text-align: justify;\">SANA Muhabiri, el Suhna kenti \u00e7evresindeki Tvinan K\u00f6y\u00fcnde I\u015e\u0130D ter\u00f6ristlerinin kovulmadan \u00f6nce yerle\u015ftirdikleri bir yer may\u0131n\u0131n\u0131n patlad\u0131\u011f\u0131n\u0131, bunun sonucunda 2 sivilin \u015fehit d\u00fc\u015ft\u00fc\u011f\u00fcn\u00fc bir kad\u0131n\u0131n da yaraland\u0131\u011f\u0131n\u0131 s\u00f6yledi.<\/p>\n<p>\u00c7eviri: S.\u015eahut<\/p>\n","protected":false},"excerpt":{"rendered":"<p>HOMS \u2013 Homs do\u011fu k\u0131rsal\u0131ndaki Tvinan K\u00f6y\u011fnde I\u015e\u0130D ter\u00f6r \u00f6rg\u00fct\u00fc art\u0131klar\u0131ndan bir yer may\u0131n\u0131n\u0131n patlamas\u0131 sonucunda 2 sivil \u015fehit d\u00fc\u015ft\u00fc 1 kad\u0131n da yaraland\u0131. SANA Muhabiri, el Suhna kenti \u00e7evresindeki Tvinan K\u00f6y\u00fcnde I\u015e\u0130D ter\u00f6ristlerinin kovulmadan \u00f6nce yerle\u015ftirdikleri bir yer may\u0131n\u0131n\u0131n patlad\u0131\u011f\u0131n\u0131, bunun sonucunda 2 sivilin \u015fehit d\u00fc\u015ft\u00fc\u011f\u00fcn\u00fc bir kad\u0131n\u0131n da yaraland\u0131\u011f\u0131n\u0131 s\u00f6yledi. \u00c7eviri: S.\u015eahut<\/p>\n","protected":false},"author":1,"featured_media":195512,"comment_status":"closed","ping_status":"closed","sticky":false,"template":"","format":"standard","meta":{"footnotes":""},"categories":[479,575,17988,478],"tags":[],"class_list":["post-195487","post","type-post","status-publish","format-standard","has-post-thumbnail","","category-haberler-yerel","category-olaylar-ve-gercekler","category-son-haberler","category-yerel"],"_links":{"self":[{"href":"https:\/\/archive.sana.sy\/tr\/index.php?rest_route=\/wp\/v2\/posts\/195487","targetHints":{"allow":["GET"]}}],"collection":[{"href":"https:\/\/archive.sana.sy\/tr\/index.php?rest_route=\/wp\/v2\/posts"}],"about":[{"href":"https:\/\/archive.sana.sy\/tr\/index.php?rest_route=\/wp\/v2\/types\/post"}],"author":[{"embeddable":true,"href":"https:\/\/archive.sana.sy\/tr\/index.php?rest_route=\/wp\/v2\/users\/1"}],"replies":[{"embeddable":true,"href":"https:\/\/archive.sana.sy\/tr\/index.php?rest_route=%2Fwp%2Fv2%2Fcomments&post=195487"}],"version-history":[{"count":0,"href":"https:\/\/archive.sana.sy\/tr\/index.php?rest_route=\/wp\/v2\/posts\/195487\/revisions"}],"wp:featuredmedia":[{"embeddable":true,"href":"https:\/\/archive.sana.sy\/tr\/index.php?rest_route=\/wp\/v2\/media\/195512"}],"wp:attachment":[{"href":"https:\/\/archive.sana.sy\/tr\/index.php?rest_route=%2Fwp%2Fv2%2Fmedia&parent=195487"}],"wp:term":[{"taxonomy":"category","embeddable":true,"href":"https:\/\/archive.sana.sy\/tr\/index.php?rest_route=%2Fwp%2Fv2%2Fcategories&post=195487"},{"taxonomy":"post_tag","embeddable":true,"href":"https:\/\/archive.sana.sy\/tr\/index.php?rest_route=%2Fwp%2Fv2%2Ftags&post=195487"}],"curies":[{"name":"wp","href":"https:\/\/api.w.org\/{rel}","templated":true}]}}