{"id":19550,"date":"2015-01-01T12:50:11","date_gmt":"2015-01-01T10:50:11","guid":{"rendered":"http:\/\/www.sana.sy\/tr\/?p=19550"},"modified":"2015-01-01T12:50:11","modified_gmt":"2015-01-01T10:50:11","slug":"isid-abd-ve-bolgedeki-muttefiklerinin-strateji-birlesiminde-olustu","status":"publish","type":"post","link":"https:\/\/archive.sana.sy\/tr\/?p=19550","title":{"rendered":"I\u015e\u0130D, ABD ve B\u00f6lgedeki M\u00fcttefiklerinin Strateji Birle\u015fiminde Olu\u015ftu"},"content":{"rendered":"<p>TAHRAN \u2013 \u0130ran devrim muhaf\u0131zlar\u0131 genel komutan yard\u0131mc\u0131s\u0131 Tu\u011fgeneral H\u00fcseyin Selama; d\u00fcnyadaki b\u00fcy\u00fck g\u00fc\u00e7lerin t\u00fcm \u0130slam aleminde b\u00f6l\u00fcc\u00fcl\u00fck ve fitne tohumlar\u0131n\u0131 ekmede Suriye ve Irak\u2019\u0131n deneme tahtalar\u0131 olarak se\u00e7ildiklerini s\u00f6yledi.<\/p>\n<p>Irak Savunma Bakan\u0131 Halit el Ubeydi ile d\u00fcn Tahran\u2019da bir araya gelen d\u00fcnyan\u0131n b\u00fcy\u00fck g\u00fc\u00e7lerinin \u0130slam aleminde b\u00f6l\u00fcc\u00fcl\u00fck ve fitneyi ekme stratejisinin tohumlar\u0131 olarak I\u015e\u0130D ve di\u011fer ter\u00f6r \u00e7etelerini olu\u015fturduklar\u0131n\u0131 Belirtti. Ubeydi I\u015e\u0130D\u2019in ABD ve b\u00f6lgedeki m\u00fcttefiklerinin strateji birli\u011fi neticesinde olu\u015ftu\u011funa dikkat \u00e7ekti.<\/p>\n<p>Ubeydi \u00fclkesinin, ter\u00f6re kar\u015f\u0131 sava\u015f\u0131nda Irak\u2019a her t\u00fcrl\u00fc lojistik ve deneyim deste\u011fini takdim etmekten geri kalmayaca\u011f\u0131n\u0131 ifade etti.<\/p>\n<p>Siyonist \u0130srail g\u00fcvenli\u011finin M\u00fcsl\u00fcman \u00fclkelerde g\u00fcvenli\u011fin yok olmas\u0131na denk geldi\u011fini ifade eden Ubeydi; \u0130srail&#8217;in g\u00fc\u00e7lenmesinin de M\u00fcsl\u00fcman \u00fclkelerin zay\u0131flamas\u0131 ya da bunun tersi oldu\u011funu s\u00f6yledi.<\/p>\n","protected":false},"excerpt":{"rendered":"<p>TAHRAN \u2013 \u0130ran devrim muhaf\u0131zlar\u0131 genel komutan yard\u0131mc\u0131s\u0131 Tu\u011fgeneral H\u00fcseyin Selama; d\u00fcnyadaki b\u00fcy\u00fck g\u00fc\u00e7lerin t\u00fcm \u0130slam aleminde b\u00f6l\u00fcc\u00fcl\u00fck ve fitne tohumlar\u0131n\u0131 ekmede Suriye ve Irak\u2019\u0131n deneme tahtalar\u0131 olarak se\u00e7ildiklerini s\u00f6yledi. Irak Savunma Bakan\u0131 Halit el Ubeydi ile d\u00fcn Tahran\u2019da bir araya gelen d\u00fcnyan\u0131n b\u00fcy\u00fck g\u00fc\u00e7lerinin \u0130slam aleminde b\u00f6l\u00fcc\u00fcl\u00fck ve fitneyi ekme stratejisinin tohumlar\u0131 olarak I\u015e\u0130D &hellip;<\/p>\n","protected":false},"author":1,"featured_media":19551,"comment_status":"closed","ping_status":"closed","sticky":false,"template":"","format":"standard","meta":{"footnotes":""},"categories":[458,459,447],"tags":[9268,2318,9269],"class_list":["post-19550","post","type-post","status-publish","format-standard","has-post-thumbnail","","category-dunya1","category-haberler-arap-uluslararasi-politika","category-politika","tag-abd-ve-bolgedeki-muttefiklerinin-strateji-birlesiminde-olustu-tahran-iran-devrim-muhafizlari-genel-komutan-yardimcisi-tuggeneral-huseyin-selama-dunyadaki-buyuk-guclerin-tum-islam-aleminde-b","tag-isid","tag-terore-karsi-savasinda-iraka-her-turlu-lojistik-ve-deneyim-destegini-takdim-etmekten-geri-kalmayacagini-ifade-etti-siyonist-israil-guvenliginin-musluman-ulkelerde-guvenligin-yok-olmasina-den"],"_links":{"self":[{"href":"https:\/\/archive.sana.sy\/tr\/index.php?rest_route=\/wp\/v2\/posts\/19550","targetHints":{"allow":["GET"]}}],"collection":[{"href":"https:\/\/archive.sana.sy\/tr\/index.php?rest_route=\/wp\/v2\/posts"}],"about":[{"href":"https:\/\/archive.sana.sy\/tr\/index.php?rest_route=\/wp\/v2\/types\/post"}],"author":[{"embeddable":true,"href":"https:\/\/archive.sana.sy\/tr\/index.php?rest_route=\/wp\/v2\/users\/1"}],"replies":[{"embeddable":true,"href":"https:\/\/archive.sana.sy\/tr\/index.php?rest_route=%2Fwp%2Fv2%2Fcomments&post=19550"}],"version-history":[{"count":0,"href":"https:\/\/archive.sana.sy\/tr\/index.php?rest_route=\/wp\/v2\/posts\/19550\/revisions"}],"wp:featuredmedia":[{"embeddable":true,"href":"https:\/\/archive.sana.sy\/tr\/index.php?rest_route=\/wp\/v2\/media\/19551"}],"wp:attachment":[{"href":"https:\/\/archive.sana.sy\/tr\/index.php?rest_route=%2Fwp%2Fv2%2Fmedia&parent=19550"}],"wp:term":[{"taxonomy":"category","embeddable":true,"href":"https:\/\/archive.sana.sy\/tr\/index.php?rest_route=%2Fwp%2Fv2%2Fcategories&post=19550"},{"taxonomy":"post_tag","embeddable":true,"href":"https:\/\/archive.sana.sy\/tr\/index.php?rest_route=%2Fwp%2Fv2%2Ftags&post=19550"}],"curies":[{"name":"wp","href":"https:\/\/api.w.org\/{rel}","templated":true}]}}