{"id":19564,"date":"2015-01-01T14:44:20","date_gmt":"2015-01-01T12:44:20","guid":{"rendered":"http:\/\/www.sana.sy\/tr\/?p=19564"},"modified":"2015-01-01T15:30:27","modified_gmt":"2015-01-01T13:30:27","slug":"senabil-fm-radyosu-hasekede-test-yayinina-basladi","status":"publish","type":"post","link":"https:\/\/archive.sana.sy\/tr\/?p=19564","title":{"rendered":"Senabil FM Radyosu Haseke\u2019de Test Yay\u0131n\u0131na Ba\u015flad\u0131"},"content":{"rendered":"<p>HASEKE \u2013 Ter\u00f6r \u00e7etelerinin yakla\u015f\u0131k 2 y\u0131l \u00f6nce ba\u015fkent \u015eam ile Haseke aras\u0131ndaki yay\u0131n istasyonlar\u0131n\u0131 sabote etmelerinden sonra Enformasyon Bakanl\u0131\u011f\u0131na tabi Radyo Televizyon Kurumu Haseke \u0130l M\u00fcd\u00fcrl\u00fc\u011f\u00fc bug\u00fcn il genelinde yay\u0131n yapacak olan Senabil FM Radyosununun test yay\u0131n\u0131n\u0131 ba\u015flatt\u0131.<\/p>\n<p>Radyonun test yay\u0131n\u0131n\u0131n ba\u015flamas\u0131yla bas\u0131na a\u00e7\u0131klama yapan Haseke Valisi Muhammed Zeal el Ali; radyonun Haseke&#8217;de yay\u0131na ba\u015flamas\u0131n\u0131n Suriye medyas\u0131 ve kahraman ordu birliklerimizin bir zaferi oldu\u011funu ifade etti.<\/p>\n<p>Radyoa Televizyon Haseke \u0130l M\u00fcd\u00fcr\u00fc Faz\u0131l Hammad ise k\u0131sa dalga 89,9 MHz frekanslar\u0131 \u00fczerinden test yay\u0131n\u0131 yapan Senabil Radyosunun \u00f6n\u00fcm\u00fczdeki \u015eubat ay\u0131nda normal yay\u0131na ba\u015flayaca\u011f\u0131n\u0131 a\u00e7\u0131klad\u0131.<\/p>\n<div id='gallery-1' class='gallery galleryid-19564 gallery-columns-2 gallery-size-thumbnail'><figure class='gallery-item'>\n\t\t\t<div class='gallery-icon landscape'>\n\t\t\t\t<a href='https:\/\/archive.sana.sy\/tr\/wp-content\/uploads\/2015\/01\/Haseke-2.jpg'><img loading=\"lazy\" decoding=\"async\" width=\"150\" height=\"113\" src=\"https:\/\/archive.sana.sy\/tr\/wp-content\/uploads\/2015\/01\/Haseke-2-150x113.jpg\" class=\"attachment-thumbnail size-thumbnail\" alt=\"\" srcset=\"https:\/\/archive.sana.sy\/tr\/wp-content\/uploads\/2015\/01\/Haseke-2-150x113.jpg 150w, https:\/\/archive.sana.sy\/tr\/wp-content\/uploads\/2015\/01\/Haseke-2-300x225.jpg 300w, https:\/\/archive.sana.sy\/tr\/wp-content\/uploads\/2015\/01\/Haseke-2-1024x768.jpg 1024w, https:\/\/archive.sana.sy\/tr\/wp-content\/uploads\/2015\/01\/Haseke-2.jpg 1280w\" sizes=\"auto, (max-width: 150px) 100vw, 150px\" \/><\/a>\n\t\t\t<\/div><\/figure><figure class='gallery-item'>\n\t\t\t<div class='gallery-icon landscape'>\n\t\t\t\t<a href='https:\/\/archive.sana.sy\/tr\/wp-content\/uploads\/2015\/01\/Haseke-1.jpg'><img loading=\"lazy\" decoding=\"async\" width=\"150\" height=\"113\" src=\"https:\/\/archive.sana.sy\/tr\/wp-content\/uploads\/2015\/01\/Haseke-1-150x113.jpg\" class=\"attachment-thumbnail size-thumbnail\" alt=\"\" srcset=\"https:\/\/archive.sana.sy\/tr\/wp-content\/uploads\/2015\/01\/Haseke-1-150x113.jpg 150w, https:\/\/archive.sana.sy\/tr\/wp-content\/uploads\/2015\/01\/Haseke-1-300x225.jpg 300w, https:\/\/archive.sana.sy\/tr\/wp-content\/uploads\/2015\/01\/Haseke-1-1024x768.jpg 1024w, https:\/\/archive.sana.sy\/tr\/wp-content\/uploads\/2015\/01\/Haseke-1.jpg 1280w\" sizes=\"auto, (max-width: 150px) 100vw, 150px\" \/><\/a>\n\t\t\t<\/div><\/figure>\n\t\t<\/div>\n\n<p>&nbsp;<\/p>\n<p>&nbsp;<\/p>\n","protected":false},"excerpt":{"rendered":"<p>HASEKE \u2013 Ter\u00f6r \u00e7etelerinin yakla\u015f\u0131k 2 y\u0131l \u00f6nce ba\u015fkent \u015eam ile Haseke aras\u0131ndaki yay\u0131n istasyonlar\u0131n\u0131 sabote etmelerinden sonra Enformasyon Bakanl\u0131\u011f\u0131na tabi Radyo Televizyon Kurumu Haseke \u0130l M\u00fcd\u00fcrl\u00fc\u011f\u00fc bug\u00fcn il genelinde yay\u0131n yapacak olan Senabil FM Radyosununun test yay\u0131n\u0131n\u0131 ba\u015flatt\u0131. Radyonun test yay\u0131n\u0131n\u0131n ba\u015flamas\u0131yla bas\u0131na a\u00e7\u0131klama yapan Haseke Valisi Muhammed Zeal el Ali; radyonun Haseke&#8217;de yay\u0131na &hellip;<\/p>\n","protected":false},"author":1,"featured_media":19565,"comment_status":"closed","ping_status":"closed","sticky":false,"template":"","format":"standard","meta":{"footnotes":""},"categories":[516,479,511,478],"tags":[9275,9274],"class_list":["post-19564","post","type-post","status-publish","format-standard","has-post-thumbnail","","category-haberler-kultur-ve-sanat","category-haberler-yerel","category-kultur-ve-sanat","category-yerel","tag-9-mhz-frekanslari-uzerinden-test-yayini-yapan-senabil-radyosunun-onumuzdeki-subat-ayinda-normal-yayina-baslayacagini-acikladi","tag-senabil-fm-radyosu-hasekede-test-yayinina-basladi-haseke-teror-cetelerinin-yaklasik-2-yil-once-baskent-sam-ile-haseke-arasindaki-yayin-istasyonlarini-sabote-etmelerinden-sonra-enfor"],"_links":{"self":[{"href":"https:\/\/archive.sana.sy\/tr\/index.php?rest_route=\/wp\/v2\/posts\/19564","targetHints":{"allow":["GET"]}}],"collection":[{"href":"https:\/\/archive.sana.sy\/tr\/index.php?rest_route=\/wp\/v2\/posts"}],"about":[{"href":"https:\/\/archive.sana.sy\/tr\/index.php?rest_route=\/wp\/v2\/types\/post"}],"author":[{"embeddable":true,"href":"https:\/\/archive.sana.sy\/tr\/index.php?rest_route=\/wp\/v2\/users\/1"}],"replies":[{"embeddable":true,"href":"https:\/\/archive.sana.sy\/tr\/index.php?rest_route=%2Fwp%2Fv2%2Fcomments&post=19564"}],"version-history":[{"count":0,"href":"https:\/\/archive.sana.sy\/tr\/index.php?rest_route=\/wp\/v2\/posts\/19564\/revisions"}],"wp:featuredmedia":[{"embeddable":true,"href":"https:\/\/archive.sana.sy\/tr\/index.php?rest_route=\/wp\/v2\/media\/19565"}],"wp:attachment":[{"href":"https:\/\/archive.sana.sy\/tr\/index.php?rest_route=%2Fwp%2Fv2%2Fmedia&parent=19564"}],"wp:term":[{"taxonomy":"category","embeddable":true,"href":"https:\/\/archive.sana.sy\/tr\/index.php?rest_route=%2Fwp%2Fv2%2Fcategories&post=19564"},{"taxonomy":"post_tag","embeddable":true,"href":"https:\/\/archive.sana.sy\/tr\/index.php?rest_route=%2Fwp%2Fv2%2Ftags&post=19564"}],"curies":[{"name":"wp","href":"https:\/\/api.w.org\/{rel}","templated":true}]}}