{"id":19571,"date":"2015-01-01T16:00:22","date_gmt":"2015-01-01T14:00:22","guid":{"rendered":"http:\/\/www.sana.sy\/tr\/?p=19571"},"modified":"2015-01-02T19:30:23","modified_gmt":"2015-01-02T17:30:23","slug":"19571","status":"publish","type":"post","link":"https:\/\/archive.sana.sy\/tr\/?p=19571","title":{"rendered":"\u00c7okuluslu ve Hain Ter\u00f6ristlere Y\u00f6nelik Operasyonlar S\u00fcr\u00fcyor"},"content":{"rendered":"<p>\u0130LLER \u2013 Vatan koruyucular\u0131 ordu birliklerimiz \u00e7okuluslu tekfirci ve kiral\u0131klar\u0131n yan\u0131 s\u0131ra vatan hainlerinden ibaret ter\u00f6r \u00e7etelere y\u00f6nelik operasyonlar\u0131n\u0131 s\u00fcrd\u00fcrerek, say\u0131 ve te\u00e7hizatlar\u0131yla bug\u00fcn onlar\u0131 a\u011f\u0131r kay\u0131plara u\u011fratmaya devam etti.<\/p>\n<p><span style=\"color: #0000ff\">\u015eam K\u0131rsal\u0131nda Saha Komutanlar\u0131 \u00d6ld\u00fcr\u00fcld\u00fc<\/span><\/p>\n<p>Vatan koruyucular\u0131 ordu birliklerimiz \u015eam k\u0131rsal\u0131n\u0131n Ne\u015f\u015fabiye, Dareyya, Han el \u015eih, Zebadani, Duma ve Do\u011fu \u011euta\u2019n\u0131n muhtelif b\u00f6lgelerinde ter\u00f6ristlerin karargah ve k\u00fcmelenme yerlerini tahrip etti.<\/p>\n<p>Saha kaynaklar\u0131 operasyonlarda aralar\u0131nda saha komutanlar\u0131n\u0131n bulundu\u011fu \u00e7ok say\u0131da ter\u00f6ristin \u00f6l\u00fc yaral\u0131 d\u00fc\u015f\u00fcr\u00fcld\u00fc\u011f\u00fcn\u00fc aktard\u0131.<\/p>\n<p><span style=\"color: #0000ff\">Dera\u2019da Karargah ve Ara\u00e7lar\u0131 Muhtevalar\u0131yla \u0130mha Edildi<\/span><\/p>\n<p>Askeri kaynak ordu birliklerimizin Dera\u2019da Beled ve Mahatta b\u00f6lgelerinin yan\u0131 s\u0131ra k\u0131rsala d\u00fc\u015fen Busr el Harir, Etman, Alma, dael, Deyr Ades ve \u015eeyh Miskin b\u00f6lgelerinde aralar\u0131nda saha komutanlar\u0131 ve yabanc\u0131lar\u0131n bulundu\u011fu \u00e7ok say\u0131da ter\u00f6risti \u00f6l\u00fc yaral\u0131 d\u00fc\u015f\u00fcrd\u00fcklerini s\u00f6yledi.<\/p>\n<p>Kaynak operasyonlarda ter\u00f6ristlere ait ara\u00e7 ve cephane depolar\u0131n\u0131n da imha edildi\u011fini belirtti.<\/p>\n<p><span style=\"color: #0000ff\">Homs\u2019ta Be\u015feri Kay\u0131plara U\u011frat\u0131ld\u0131lar<\/span><\/p>\n<p>Homs Kentinin kenar mahallelerinden Vaer Semtinin bir\u00e7ok noktas\u0131nda ter\u00f6ristlerin mevkilerini hedef alan ordu birliklerimiz bir\u00e7ok ter\u00f6risti su\u00e7 edatlar\u0131yla birlikte etkisizle\u015ftirdi.<\/p>\n<p><span style=\"color: #0000ff\">Rakka\u2019da I\u015e\u0130D Mevkileri Muhtevalar\u0131yla \u0130mha Edildi<\/span><\/p>\n<p>\u00d6te yandan askeri kaynak ordu birliklerimizin Rakka kentinde I\u015e\u0130D \u00e7etelerine ait bir\u00e7ok yuva ve k\u00fcmelenme yerinin i\u00e7indeki ter\u00f6ristlerle birlikte imha edildi\u011fini belirtti.<\/p>\n<p><span style=\"color: #0000ff\">Halep\u2019te Ordu Birliklerimizin Ba\u015far\u0131lar\u0131 Peki\u015fiyor<\/span><\/p>\n<p>Di\u011fer yandan askeri bir kaynak vatan koruyucular\u0131m\u0131za top\u00e7u birliklerin Halep\u2019in Leyramon B\u00f6lgesinde ter\u00f6ristlerin bir k\u00fcmelenme yerlerini muhtevalar\u0131yla imha etmeleriyle 10 ter\u00f6ristin \u00f6l\u00fc, 7 ter\u00f6ristin de yaral\u0131 d\u00fc\u015ft\u00fc\u011f\u00fcn\u00fc aktard\u0131.<\/p>\n<p>Kaynak Nanai Meydan\u0131nda ise ter\u00f6ristlerin kulland\u0131klar\u0131 makineli silahla donat\u0131lm\u0131\u015f bir pikab\u0131n ta\u015f\u0131d\u0131\u011f\u0131 t\u00fcm ter\u00f6ristlerle birlikte etkisizle\u015ftirildi\u011fini s\u00f6yledi.<\/p>\n<p><span style=\"color: #0000ff\">\u0130dlib K\u0131rsal\u0131nda Kay\u0131plar\u0131 Art\u0131yor<\/span><\/p>\n<p>\u0130dlib k\u0131rsal\u0131nda ise saha kaynaklar\u0131 ordu birliklerimizin Cisr el \u015eu\u011fur Kenti \u00e7evresinde tekfircilere ait k\u00fcmelenme yerlerinin imha edilerek \u00e7ok say\u0131da ter\u00f6ristin \u00f6ld\u00fcr\u00fcld\u00fc\u011f\u00fcn\u00fc belirtti.<\/p>\n","protected":false},"excerpt":{"rendered":"<p>\u0130LLER \u2013 Vatan koruyucular\u0131 ordu birliklerimiz \u00e7okuluslu tekfirci ve kiral\u0131klar\u0131n yan\u0131 s\u0131ra vatan hainlerinden ibaret ter\u00f6r \u00e7etelere y\u00f6nelik operasyonlar\u0131n\u0131 s\u00fcrd\u00fcrerek, say\u0131 ve te\u00e7hizatlar\u0131yla bug\u00fcn onlar\u0131 a\u011f\u0131r kay\u0131plara u\u011fratmaya devam etti. \u015eam K\u0131rsal\u0131nda Saha Komutanlar\u0131 \u00d6ld\u00fcr\u00fcld\u00fc Vatan koruyucular\u0131 ordu birliklerimiz \u015eam k\u0131rsal\u0131n\u0131n Ne\u015f\u015fabiye, Dareyya, Han el \u015eih, Zebadani, Duma ve Do\u011fu \u011euta\u2019n\u0131n muhtelif b\u00f6lgelerinde ter\u00f6ristlerin karargah &hellip;<\/p>\n","protected":false},"author":1,"featured_media":19572,"comment_status":"closed","ping_status":"closed","sticky":false,"template":"","format":"standard","meta":{"footnotes":""},"categories":[575],"tags":[9282,9280,9277,5391,5236,9281,9279,6222,5235,9278,3034],"class_list":["post-19571","post","type-post","status-publish","format-standard","has-post-thumbnail","","category-olaylar-ve-gercekler","tag-7-teroristin-de-yarali-dustugunu-aktardi-kaynak-nanai-meydaninda-ise-teroristlerin-kullandiklari-makineli-silahla-donatilmis-bir-pikabin-tasidigi-tum-teroristlerle-birlikte-etkisizlestirildigini-soyl","tag-alma","tag-cokuluslu-ve-hain-teroristlere-yonelik-operasyonlar-suruyor-iller-vatan-koruyuculari-ordu-birliklerimiz-cokuluslu-tekfirci-ve-kiraliklarin-yani-sira-vatan-hainlerinden-ibaret-teror-cetelere","tag-dael","tag-dareyya","tag-deyr-ades-ve-seyh-miskin-bolgelerinde-aralarinda-saha-komutanlari-ve-yabancilarin-bulundugu-cok-sayida-teroristi-olu-yarali-dusurduklerini-soyledi-kaynak-operasyonlarda-teroristlere-ait-arac-ve-cepha","tag-duma-ve-dogu-gutanin-muhtelif-bolgelerinde-teroristlerin-karargah-ve-kumelenme-yerlerini-tahrip-etti-saha-kaynaklari-operasyonlarda-aralarinda-saha-komutanlarinin-bulundugu-cok-sayida-terori","tag-etman","tag-han-el-sih","tag-sayi-ve-techizatlariyla-bugun-onlari-agir-kayiplara-ugratmaya-devam-etti-sam-kirsalinda-saha-komutanlari-olduruldu-vatan-koruyuculari-ordu-birliklerimiz-sam-kirsalinin-nessabiye","tag-zebadani"],"_links":{"self":[{"href":"https:\/\/archive.sana.sy\/tr\/index.php?rest_route=\/wp\/v2\/posts\/19571","targetHints":{"allow":["GET"]}}],"collection":[{"href":"https:\/\/archive.sana.sy\/tr\/index.php?rest_route=\/wp\/v2\/posts"}],"about":[{"href":"https:\/\/archive.sana.sy\/tr\/index.php?rest_route=\/wp\/v2\/types\/post"}],"author":[{"embeddable":true,"href":"https:\/\/archive.sana.sy\/tr\/index.php?rest_route=\/wp\/v2\/users\/1"}],"replies":[{"embeddable":true,"href":"https:\/\/archive.sana.sy\/tr\/index.php?rest_route=%2Fwp%2Fv2%2Fcomments&post=19571"}],"version-history":[{"count":0,"href":"https:\/\/archive.sana.sy\/tr\/index.php?rest_route=\/wp\/v2\/posts\/19571\/revisions"}],"wp:featuredmedia":[{"embeddable":true,"href":"https:\/\/archive.sana.sy\/tr\/index.php?rest_route=\/wp\/v2\/media\/19572"}],"wp:attachment":[{"href":"https:\/\/archive.sana.sy\/tr\/index.php?rest_route=%2Fwp%2Fv2%2Fmedia&parent=19571"}],"wp:term":[{"taxonomy":"category","embeddable":true,"href":"https:\/\/archive.sana.sy\/tr\/index.php?rest_route=%2Fwp%2Fv2%2Fcategories&post=19571"},{"taxonomy":"post_tag","embeddable":true,"href":"https:\/\/archive.sana.sy\/tr\/index.php?rest_route=%2Fwp%2Fv2%2Ftags&post=19571"}],"curies":[{"name":"wp","href":"https:\/\/api.w.org\/{rel}","templated":true}]}}