{"id":19574,"date":"2015-01-01T15:54:13","date_gmt":"2015-01-01T13:54:13","guid":{"rendered":"http:\/\/www.sana.sy\/tr\/?p=19574"},"modified":"2015-01-01T15:54:13","modified_gmt":"2015-01-01T13:54:13","slug":"el-esadin-direktifleriyle-taziye-takdim-etti","status":"publish","type":"post","link":"https:\/\/archive.sana.sy\/tr\/?p=19574","title":{"rendered":"El Esad\u2019\u0131n Direktifleriyle Taziye Takdim Etti"},"content":{"rendered":"<p>BEYRUT \u2013 Suriye&#8217;nin Beyrut B\u00fcy\u00fckel\u00e7isi Ali Abd\u00fclkerim Cumhurba\u015fkan\u0131 Be\u015f\u015far el Esad\u2019\u0131n direktifleri do\u011frultusunda bug\u00fcn L\u00fcbnan eski ba\u015fbakanlar\u0131ndan \u00d6mer Kerame\u2019nin ailesine Suriye&#8217;nin taziyelerini takdim etti.<\/p>\n<p>Mehum Kerame\u2019nin ailesi Suriye ve L\u00fcbnan aras\u0131ndaki ili\u015fkilerin derinlik ve \u00f6nemine vurgu yaparken, bu ince tutumundna dolay\u0131 Cumhurba\u015fkan\u0131 el Esad\u2019a takdirlerini ifade etti. Merhumun ailesi ayr\u0131ca Suriye&#8217;nin maruz kald\u0131\u011f\u0131 evrensel sava\u015f ve ter\u00f6re kar\u015f\u0131 en yak\u0131n zamanda zafer elde etmesiyle birlikte g\u00fcvenlik ve istikrara kavu\u015fmas\u0131 temennilerinde bulundu.<\/p>\n<p>L\u00fcbnan&#8217;\u0131n eski ba\u015fbakanlar\u0131ndan yurtseverli\u011fi ve tutumlar\u0131yla bilinen Kerame bu sabah L\u00fcbnan\u2019da Amerikan Hastanesinde bir s\u00fcredir maruz kald\u0131\u011f\u0131 dermans\u0131z hastal\u0131k neticesinde 80 ya\u015flar\u0131nda hayata veda etmi\u015fti.<\/p>\n","protected":false},"excerpt":{"rendered":"<p>BEYRUT \u2013 Suriye&#8217;nin Beyrut B\u00fcy\u00fckel\u00e7isi Ali Abd\u00fclkerim Cumhurba\u015fkan\u0131 Be\u015f\u015far el Esad\u2019\u0131n direktifleri do\u011frultusunda bug\u00fcn L\u00fcbnan eski ba\u015fbakanlar\u0131ndan \u00d6mer Kerame\u2019nin ailesine Suriye&#8217;nin taziyelerini takdim etti. Mehum Kerame\u2019nin ailesi Suriye ve L\u00fcbnan aras\u0131ndaki ili\u015fkilerin derinlik ve \u00f6nemine vurgu yaparken, bu ince tutumundna dolay\u0131 Cumhurba\u015fkan\u0131 el Esad\u2019a takdirlerini ifade etti. Merhumun ailesi ayr\u0131ca Suriye&#8217;nin maruz kald\u0131\u011f\u0131 evrensel sava\u015f &hellip;<\/p>\n","protected":false},"author":1,"featured_media":19576,"comment_status":"closed","ping_status":"closed","sticky":false,"template":"","format":"standard","meta":{"footnotes":""},"categories":[458,459,447],"tags":[9284,9283],"class_list":["post-19574","post","type-post","status-publish","format-standard","has-post-thumbnail","","category-dunya1","category-haberler-arap-uluslararasi-politika","category-politika","tag-bu-ince-tutumundna-dolayi-cumhurbaskani-el-esada-takdirlerini-ifade-etti-merhumun-ailesi-ayrica-suriyenin-maruz-kaldigi-evrensel-savas-ve-terore-karsi-en-yakin-zamanda-zafer-elde-etmesiyle","tag-el-esadin-direktifleriyle-taziye-takdim-etti-beyrut-suriyenin-beyrut-buyukelcisi-ali-abdulkerim-cumhurbaskani-bessar-el-esadin-direktifleri-dogrultusunda-bugun-lubnan-eski"],"_links":{"self":[{"href":"https:\/\/archive.sana.sy\/tr\/index.php?rest_route=\/wp\/v2\/posts\/19574","targetHints":{"allow":["GET"]}}],"collection":[{"href":"https:\/\/archive.sana.sy\/tr\/index.php?rest_route=\/wp\/v2\/posts"}],"about":[{"href":"https:\/\/archive.sana.sy\/tr\/index.php?rest_route=\/wp\/v2\/types\/post"}],"author":[{"embeddable":true,"href":"https:\/\/archive.sana.sy\/tr\/index.php?rest_route=\/wp\/v2\/users\/1"}],"replies":[{"embeddable":true,"href":"https:\/\/archive.sana.sy\/tr\/index.php?rest_route=%2Fwp%2Fv2%2Fcomments&post=19574"}],"version-history":[{"count":0,"href":"https:\/\/archive.sana.sy\/tr\/index.php?rest_route=\/wp\/v2\/posts\/19574\/revisions"}],"wp:featuredmedia":[{"embeddable":true,"href":"https:\/\/archive.sana.sy\/tr\/index.php?rest_route=\/wp\/v2\/media\/19576"}],"wp:attachment":[{"href":"https:\/\/archive.sana.sy\/tr\/index.php?rest_route=%2Fwp%2Fv2%2Fmedia&parent=19574"}],"wp:term":[{"taxonomy":"category","embeddable":true,"href":"https:\/\/archive.sana.sy\/tr\/index.php?rest_route=%2Fwp%2Fv2%2Fcategories&post=19574"},{"taxonomy":"post_tag","embeddable":true,"href":"https:\/\/archive.sana.sy\/tr\/index.php?rest_route=%2Fwp%2Fv2%2Ftags&post=19574"}],"curies":[{"name":"wp","href":"https:\/\/api.w.org\/{rel}","templated":true}]}}