{"id":196053,"date":"2019-11-28T10:49:15","date_gmt":"2019-11-28T08:49:15","guid":{"rendered":"http:\/\/www.sana.sy\/tr\/?p=196053"},"modified":"2019-11-29T13:27:05","modified_gmt":"2019-11-29T11:27:05","slug":"grospic-suriyede-gayri-mesru-sekilde-mevcut-olan-yabanci-gucler-terorismi-destekliyor","status":"publish","type":"post","link":"https:\/\/archive.sana.sy\/tr\/?p=196053","title":{"rendered":"Grospi\u00e7: Suriye&#8217;de Gayri Me\u015fru \u015eekilde Mevcut Olan Yabanc\u0131 G\u00fc\u00e7ler Ter\u00f6rismi Destekliyor"},"content":{"rendered":"<p>PRAG \u2013 \u00c7ek Cumhuriyeti Parlamentosunda Suriye \u00c7ek Parlamenter Dostluk Grubu Ba\u015fkan\u0131 Stanislav Grosbic; i\u015fgalci T\u00fcrk g\u00fc\u00e7lerinin ve onlara tabi kiral\u0131k ter\u00f6ristlerin Suriye\u2019de sava\u015f su\u00e7lar\u0131 yapt\u0131klar\u0131n\u0131 yeniden vurgulad\u0131.<\/p>\n<p>SANA\u2019n\u0131n Prag muhabirine yapt\u0131\u011f\u0131 a\u00e7\u0131klamda Grospi\u00e7; T\u00fcrk rejimi g\u00fc\u00e7lerinin ve onlara tabi kiral\u0131k ter\u00f6ristlerinin Suriye yeralt\u0131 kayaklar\u0131n\u0131n ya\u011fmay\u0131 s\u00fcrd\u00fcrd\u00fcklerine i\u015faret ederken Suriye gayri me\u015fru \u015fekilde mevcut olan yabanc\u0131 g\u00fc\u00e7lerinin ter\u00f6rismi desteklediklerini, Suriye\u2019ye istikrar\u0131n d\u00f6nmesini engellediklerini ve Suriye\u2019deki krizi uzatmaya \u00e7al\u0131\u015ft\u0131klar\u0131na dikkat \u00e7ekti.<\/p>\n<p>Grospi\u00e7 ayr\u0131ca; Suriye\u2019nin gelece\u011fine karar verme sahipli\u011finin sadece Suriye halk\u0131na ait oldu\u011funa yeniden vurgu yapt\u0131.<\/p>\n<p>\u00c7eviri: P.M.<\/p>\n","protected":false},"excerpt":{"rendered":"<p>PRAG \u2013 \u00c7ek Cumhuriyeti Parlamentosunda Suriye \u00c7ek Parlamenter Dostluk Grubu Ba\u015fkan\u0131 Stanislav Grosbic; i\u015fgalci T\u00fcrk g\u00fc\u00e7lerinin ve onlara tabi kiral\u0131k ter\u00f6ristlerin Suriye\u2019de sava\u015f su\u00e7lar\u0131 yapt\u0131klar\u0131n\u0131 yeniden vurgulad\u0131. SANA\u2019n\u0131n Prag muhabirine yapt\u0131\u011f\u0131 a\u00e7\u0131klamda Grospi\u00e7; T\u00fcrk rejimi g\u00fc\u00e7lerinin ve onlara tabi kiral\u0131k ter\u00f6ristlerinin Suriye yeralt\u0131 kayaklar\u0131n\u0131n ya\u011fmay\u0131 s\u00fcrd\u00fcrd\u00fcklerine i\u015faret ederken Suriye gayri me\u015fru \u015fekilde mevcut olan yabanc\u0131 &hellip;<\/p>\n","protected":false},"author":1,"featured_media":196056,"comment_status":"closed","ping_status":"closed","sticky":false,"template":"","format":"standard","meta":{"footnotes":""},"categories":[458,459,17988],"tags":[],"class_list":["post-196053","post","type-post","status-publish","format-standard","has-post-thumbnail","","category-dunya1","category-haberler-arap-uluslararasi-politika","category-son-haberler"],"_links":{"self":[{"href":"https:\/\/archive.sana.sy\/tr\/index.php?rest_route=\/wp\/v2\/posts\/196053","targetHints":{"allow":["GET"]}}],"collection":[{"href":"https:\/\/archive.sana.sy\/tr\/index.php?rest_route=\/wp\/v2\/posts"}],"about":[{"href":"https:\/\/archive.sana.sy\/tr\/index.php?rest_route=\/wp\/v2\/types\/post"}],"author":[{"embeddable":true,"href":"https:\/\/archive.sana.sy\/tr\/index.php?rest_route=\/wp\/v2\/users\/1"}],"replies":[{"embeddable":true,"href":"https:\/\/archive.sana.sy\/tr\/index.php?rest_route=%2Fwp%2Fv2%2Fcomments&post=196053"}],"version-history":[{"count":0,"href":"https:\/\/archive.sana.sy\/tr\/index.php?rest_route=\/wp\/v2\/posts\/196053\/revisions"}],"wp:featuredmedia":[{"embeddable":true,"href":"https:\/\/archive.sana.sy\/tr\/index.php?rest_route=\/wp\/v2\/media\/196056"}],"wp:attachment":[{"href":"https:\/\/archive.sana.sy\/tr\/index.php?rest_route=%2Fwp%2Fv2%2Fmedia&parent=196053"}],"wp:term":[{"taxonomy":"category","embeddable":true,"href":"https:\/\/archive.sana.sy\/tr\/index.php?rest_route=%2Fwp%2Fv2%2Fcategories&post=196053"},{"taxonomy":"post_tag","embeddable":true,"href":"https:\/\/archive.sana.sy\/tr\/index.php?rest_route=%2Fwp%2Fv2%2Ftags&post=196053"}],"curies":[{"name":"wp","href":"https:\/\/api.w.org\/{rel}","templated":true}]}}