{"id":196074,"date":"2019-11-28T12:06:14","date_gmt":"2019-11-28T10:06:14","guid":{"rendered":"http:\/\/www.sana.sy\/tr\/?p=196074"},"modified":"2019-11-28T12:31:11","modified_gmt":"2019-11-28T10:31:11","slug":"sana-muhabiri-ordu-birlikleri-haseke-halep-arasindaki-anayolunda-konuslanmasina-devam-ederken-tel-temr-nahiyesi-kirsalinin-batisinda-yer-alan-kozliye-koyune-girdi","status":"publish","type":"post","link":"https:\/\/archive.sana.sy\/tr\/?p=196074","title":{"rendered":"SANA muhabiri; Ordu birliklerinin Haseke &#8211; Halep aras\u0131ndaki anayolunda konu\u015flanmas\u0131na devam ederken Tel Temr Nahiyesi k\u0131rsal\u0131n\u0131n bat\u0131s\u0131nda yer alan K\u00f6zliye K\u00f6y\u00fcne girdiklerini belirtti"},"content":{"rendered":"<p>SANA muhabiri; Ordu birliklerinin Haseke &#8211; Halep aras\u0131ndaki anayolunda konu\u015flanmas\u0131na devam ederken Tel Temr Nahiyesi k\u0131rsal\u0131n\u0131n bat\u0131s\u0131nda yer alan K\u00f6zliye K\u00f6y\u00fcne girdiklerini belirtti<\/p>\n","protected":false},"excerpt":{"rendered":"<p>SANA muhabiri; Ordu birliklerinin Haseke &#8211; Halep aras\u0131ndaki anayolunda konu\u015flanmas\u0131na devam ederken Tel Temr Nahiyesi k\u0131rsal\u0131n\u0131n bat\u0131s\u0131nda yer alan K\u00f6zliye K\u00f6y\u00fcne girdiklerini belirtti<\/p>\n","protected":false},"author":1,"featured_media":0,"comment_status":"closed","ping_status":"closed","sticky":false,"template":"","format":"standard","meta":{"footnotes":""},"categories":[17991],"tags":[],"class_list":["post-196074","post","type-post","status-publish","format-standard","","category-son-dakika"],"_links":{"self":[{"href":"https:\/\/archive.sana.sy\/tr\/index.php?rest_route=\/wp\/v2\/posts\/196074","targetHints":{"allow":["GET"]}}],"collection":[{"href":"https:\/\/archive.sana.sy\/tr\/index.php?rest_route=\/wp\/v2\/posts"}],"about":[{"href":"https:\/\/archive.sana.sy\/tr\/index.php?rest_route=\/wp\/v2\/types\/post"}],"author":[{"embeddable":true,"href":"https:\/\/archive.sana.sy\/tr\/index.php?rest_route=\/wp\/v2\/users\/1"}],"replies":[{"embeddable":true,"href":"https:\/\/archive.sana.sy\/tr\/index.php?rest_route=%2Fwp%2Fv2%2Fcomments&post=196074"}],"version-history":[{"count":0,"href":"https:\/\/archive.sana.sy\/tr\/index.php?rest_route=\/wp\/v2\/posts\/196074\/revisions"}],"wp:attachment":[{"href":"https:\/\/archive.sana.sy\/tr\/index.php?rest_route=%2Fwp%2Fv2%2Fmedia&parent=196074"}],"wp:term":[{"taxonomy":"category","embeddable":true,"href":"https:\/\/archive.sana.sy\/tr\/index.php?rest_route=%2Fwp%2Fv2%2Fcategories&post=196074"},{"taxonomy":"post_tag","embeddable":true,"href":"https:\/\/archive.sana.sy\/tr\/index.php?rest_route=%2Fwp%2Fv2%2Ftags&post=196074"}],"curies":[{"name":"wp","href":"https:\/\/api.w.org\/{rel}","templated":true}]}}