{"id":196080,"date":"2019-11-28T09:45:37","date_gmt":"2019-11-28T07:45:37","guid":{"rendered":"http:\/\/www.sana.sy\/tr\/?p=196080"},"modified":"2019-11-29T13:27:01","modified_gmt":"2019-11-29T11:27:01","slug":"putin-toplu-guvenlik-antlasmasi-devletlerine-ortak-cabalarla-terore-karsi-mucadele-etmeye-cagrida-bulundu","status":"publish","type":"post","link":"https:\/\/archive.sana.sy\/tr\/?p=196080","title":{"rendered":"Putin Toplu G\u00fcvenlik Antla\u015fmas\u0131 Devletlerine Ortak \u00c7abalarla Ter\u00f6re Kar\u015f\u0131 M\u00fccadele Etmeye \u00c7a\u011fr\u0131da Bulundu"},"content":{"rendered":"<p>B\u0130\u015eKEK \u2013 Rusya Ba\u015fkan\u0131 Vladimir Putin Toplu G\u00fcvenlik Antla\u015fmas\u0131 Devletlerine ter\u00f6re kar\u015f\u0131 m\u00fccadele etme konusunda ortak \u00e7abalarda bulunmaya davet yaparken bu konuda \u00fclkenin kazand\u0131\u011f\u0131 deneyimlerini payla\u015fmaya haz\u0131r bulundu\u011funa i\u015faret etti.<\/p>\n<p>Toplu G\u00fcvenlik Antla\u015fmas\u0131 Devletlerinin K\u0131rg\u0131zistan ba\u015fkenti Bi\u015fkek\u2019te yap\u0131lan geni\u015fletilmi\u015f toplant\u0131da Rus sputnik haber ajans\u0131n\u0131n aktard\u0131\u011f\u0131yla Putin; Uluslararas\u0131 ter\u00f6rizm ve a\u015f\u0131r\u0131l\u0131k\u00e7\u0131l\u0131kla m\u00fccadelede ortaklar\u0131m\u0131zla etkile\u015fimi g\u00fc\u00e7lendirmeye \u00e7al\u0131\u015facaklar\u0131n\u0131 dile getirdi.<\/p>\n<p>\u00c7eviri: P.M.<\/p>\n","protected":false},"excerpt":{"rendered":"<p>B\u0130\u015eKEK \u2013 Rusya Ba\u015fkan\u0131 Vladimir Putin Toplu G\u00fcvenlik Antla\u015fmas\u0131 Devletlerine ter\u00f6re kar\u015f\u0131 m\u00fccadele etme konusunda ortak \u00e7abalarda bulunmaya davet yaparken bu konuda \u00fclkenin kazand\u0131\u011f\u0131 deneyimlerini payla\u015fmaya haz\u0131r bulundu\u011funa i\u015faret etti. Toplu G\u00fcvenlik Antla\u015fmas\u0131 Devletlerinin K\u0131rg\u0131zistan ba\u015fkenti Bi\u015fkek\u2019te yap\u0131lan geni\u015fletilmi\u015f toplant\u0131da Rus sputnik haber ajans\u0131n\u0131n aktard\u0131\u011f\u0131yla Putin; Uluslararas\u0131 ter\u00f6rizm ve a\u015f\u0131r\u0131l\u0131k\u00e7\u0131l\u0131kla m\u00fccadelede ortaklar\u0131m\u0131zla etkile\u015fimi g\u00fc\u00e7lendirmeye \u00e7al\u0131\u015facaklar\u0131n\u0131 &hellip;<\/p>\n","protected":false},"author":1,"featured_media":196082,"comment_status":"closed","ping_status":"closed","sticky":false,"template":"","format":"standard","meta":{"footnotes":""},"categories":[458,459,17988],"tags":[],"class_list":["post-196080","post","type-post","status-publish","format-standard","has-post-thumbnail","","category-dunya1","category-haberler-arap-uluslararasi-politika","category-son-haberler"],"_links":{"self":[{"href":"https:\/\/archive.sana.sy\/tr\/index.php?rest_route=\/wp\/v2\/posts\/196080","targetHints":{"allow":["GET"]}}],"collection":[{"href":"https:\/\/archive.sana.sy\/tr\/index.php?rest_route=\/wp\/v2\/posts"}],"about":[{"href":"https:\/\/archive.sana.sy\/tr\/index.php?rest_route=\/wp\/v2\/types\/post"}],"author":[{"embeddable":true,"href":"https:\/\/archive.sana.sy\/tr\/index.php?rest_route=\/wp\/v2\/users\/1"}],"replies":[{"embeddable":true,"href":"https:\/\/archive.sana.sy\/tr\/index.php?rest_route=%2Fwp%2Fv2%2Fcomments&post=196080"}],"version-history":[{"count":0,"href":"https:\/\/archive.sana.sy\/tr\/index.php?rest_route=\/wp\/v2\/posts\/196080\/revisions"}],"wp:featuredmedia":[{"embeddable":true,"href":"https:\/\/archive.sana.sy\/tr\/index.php?rest_route=\/wp\/v2\/media\/196082"}],"wp:attachment":[{"href":"https:\/\/archive.sana.sy\/tr\/index.php?rest_route=%2Fwp%2Fv2%2Fmedia&parent=196080"}],"wp:term":[{"taxonomy":"category","embeddable":true,"href":"https:\/\/archive.sana.sy\/tr\/index.php?rest_route=%2Fwp%2Fv2%2Fcategories&post=196080"},{"taxonomy":"post_tag","embeddable":true,"href":"https:\/\/archive.sana.sy\/tr\/index.php?rest_route=%2Fwp%2Fv2%2Ftags&post=196080"}],"curies":[{"name":"wp","href":"https:\/\/api.w.org\/{rel}","templated":true}]}}