{"id":19636,"date":"2015-01-02T15:00:57","date_gmt":"2015-01-02T13:00:57","guid":{"rendered":"http:\/\/sana.sy\/tr\/?p=19636"},"modified":"2015-01-02T15:00:57","modified_gmt":"2015-01-02T13:00:57","slug":"abdnin-amaci-isidi-yok-etmek-degil-onu-kullanmaktir","status":"publish","type":"post","link":"https:\/\/archive.sana.sy\/tr\/?p=19636","title":{"rendered":"ABD\u2019nin Amac\u0131 I\u015e\u0130D\u2019i Yok Etmek De\u011fil, Onu Kullanmakt\u0131r"},"content":{"rendered":"<p>TAHRAN \u2013 \u0130ran D\u0131\u015fi\u015fleri Bakan\u0131 Yard\u0131mc\u0131s\u0131 H\u00fcseyin Emir Abdullahyan; ter\u00f6re kar\u015f\u0131 m\u00fccadelesi ve ter\u00f6r \u00f6rg\u00fctlerinin bertaraf edilmesinde \u00fclkesinin Suriye&#8217;ye deste\u011fini bir kez daha vurgulad\u0131.<\/p>\n<p>Reuters Haber Ajans\u0131na yapt\u0131\u011f\u0131 ve \u0130ran medyas\u0131n\u0131n bug\u00fcn aktard\u0131\u011f\u0131 a\u00e7\u0131klamalar\u0131nda Abdullahyan; ABD idaresinin I\u015e\u0130D\u2019e kar\u015f\u0131 m\u00fccadele bahaneleri ve \u00e7abalar\u0131n\u0131n, Beyaz Saray\u2019\u0131n b\u00f6lgedeki planlar\u0131n\u0131 hayata ge\u00e7irme amac\u0131 ta\u015f\u0131d\u0131\u011f\u0131na dikkat \u00e7ekti.<\/p>\n<p>Abdullahyan ABD\u2019nin I\u015e\u0130D\u2019i yok etme yada hatta onu zay\u0131flatma gibi bir amac\u0131 olmad\u0131\u011f\u0131n\u0131, onun as\u0131l amac\u0131n\u0131n b\u00f6lgedeki planlar\u0131n\u0131 hayata ge\u00e7irmek i\u00e7in I\u015e\u0130D\u2019e komuta etmek ve onu kullanmak oldu\u011funun alt\u0131n\u0131 \u00e7izdi.<\/p>\n","protected":false},"excerpt":{"rendered":"<p>TAHRAN \u2013 \u0130ran D\u0131\u015fi\u015fleri Bakan\u0131 Yard\u0131mc\u0131s\u0131 H\u00fcseyin Emir Abdullahyan; ter\u00f6re kar\u015f\u0131 m\u00fccadelesi ve ter\u00f6r \u00f6rg\u00fctlerinin bertaraf edilmesinde \u00fclkesinin Suriye&#8217;ye deste\u011fini bir kez daha vurgulad\u0131. Reuters Haber Ajans\u0131na yapt\u0131\u011f\u0131 ve \u0130ran medyas\u0131n\u0131n bug\u00fcn aktard\u0131\u011f\u0131 a\u00e7\u0131klamalar\u0131nda Abdullahyan; ABD idaresinin I\u015e\u0130D\u2019e kar\u015f\u0131 m\u00fccadele bahaneleri ve \u00e7abalar\u0131n\u0131n, Beyaz Saray\u2019\u0131n b\u00f6lgedeki planlar\u0131n\u0131 hayata ge\u00e7irme amac\u0131 ta\u015f\u0131d\u0131\u011f\u0131na dikkat \u00e7ekti. Abdullahyan ABD\u2019nin &hellip;<\/p>\n","protected":false},"author":1,"featured_media":19637,"comment_status":"closed","ping_status":"closed","sticky":false,"template":"","format":"standard","meta":{"footnotes":""},"categories":[458,459,447],"tags":[9326,9328,9327,9329],"class_list":["post-19636","post","type-post","status-publish","format-standard","has-post-thumbnail","","category-dunya1","category-haberler-arap-uluslararasi-politika","category-politika","tag-abdnin-amaci-isidi-yok-etmek-degil","tag-beyaz-sarayin-bolgedeki-planlarini-hayata-gecirme-amaci-tasidigina-dikkat-cekti-abdullahyan-abdnin-isidi-yok-etme-yada-hatta-onu-zayiflatma-gibi-bir-amaci-olmadigini","tag-onu-kullanmaktir-tahran-iran-disisleri-bakani-yardimcisi-huseyin-emir-abdullahyan-terore-karsi-mucadelesi-ve-teror-orgutlerinin-bertaraf-edilmesinde-ulkesinin-suriyeye-destegini-bir-kez-da","tag-onun-asil-amacinin-bolgedeki-planlarini-hayata-gecirmek-icin-iside-komuta-etmek-ve-onu-kullanmak-oldugunun-altini-cizdi"],"_links":{"self":[{"href":"https:\/\/archive.sana.sy\/tr\/index.php?rest_route=\/wp\/v2\/posts\/19636","targetHints":{"allow":["GET"]}}],"collection":[{"href":"https:\/\/archive.sana.sy\/tr\/index.php?rest_route=\/wp\/v2\/posts"}],"about":[{"href":"https:\/\/archive.sana.sy\/tr\/index.php?rest_route=\/wp\/v2\/types\/post"}],"author":[{"embeddable":true,"href":"https:\/\/archive.sana.sy\/tr\/index.php?rest_route=\/wp\/v2\/users\/1"}],"replies":[{"embeddable":true,"href":"https:\/\/archive.sana.sy\/tr\/index.php?rest_route=%2Fwp%2Fv2%2Fcomments&post=19636"}],"version-history":[{"count":0,"href":"https:\/\/archive.sana.sy\/tr\/index.php?rest_route=\/wp\/v2\/posts\/19636\/revisions"}],"wp:featuredmedia":[{"embeddable":true,"href":"https:\/\/archive.sana.sy\/tr\/index.php?rest_route=\/wp\/v2\/media\/19637"}],"wp:attachment":[{"href":"https:\/\/archive.sana.sy\/tr\/index.php?rest_route=%2Fwp%2Fv2%2Fmedia&parent=19636"}],"wp:term":[{"taxonomy":"category","embeddable":true,"href":"https:\/\/archive.sana.sy\/tr\/index.php?rest_route=%2Fwp%2Fv2%2Fcategories&post=19636"},{"taxonomy":"post_tag","embeddable":true,"href":"https:\/\/archive.sana.sy\/tr\/index.php?rest_route=%2Fwp%2Fv2%2Ftags&post=19636"}],"curies":[{"name":"wp","href":"https:\/\/api.w.org\/{rel}","templated":true}]}}