{"id":19651,"date":"2015-01-02T23:17:59","date_gmt":"2015-01-02T21:17:59","guid":{"rendered":"http:\/\/sana.sy\/tr\/?p=19651"},"modified":"2015-01-03T19:41:33","modified_gmt":"2015-01-03T17:41:33","slug":"onlarca-aile-zebdin-bolgesinde-teror-zulmunden-kurtarildi","status":"publish","type":"post","link":"https:\/\/archive.sana.sy\/tr\/?p=19651","title":{"rendered":"Onlarca Aile Zebdin B\u00f6lgesinde Ter\u00f6r Zulm\u00fcnden Kurtar\u0131ld\u0131"},"content":{"rendered":"<p>\u015eAM KIRSALI \u2013 Kahraman ordu birliklerimiz vatanda\u015flar\u0131 koruma g\u00f6revi \u00e7er\u00e7evesinde bug\u00fcn \u015eam K\u0131rsal\u0131n\u0131n Do\u011fu \u011euta B\u00f6lgesine ba\u011fl\u0131 Zebdin Beldesindeki ter\u00f6r zulm\u00fcnden ka\u00e7maya \u00e7al\u0131\u015fan onlarca ailenin beldeden \u00e7\u0131kmas\u0131na yard\u0131mc\u0131 oldu.<\/p>\n<p>Suriye A\u015firetleri Ulusal Komisyonu \u00dcyesi Cemal Berket; SANA\u2019ya yapt\u0131\u011f\u0131 a\u00e7\u0131klamada bug\u00fcn kahraman birliklerimizin yapt\u0131klar\u0131 \u00e7al\u0131\u015fmalar sonucunda onlarca ailenin Zebdin beldesinden \u00e7\u0131kart\u0131larak Caramana kentinde g\u00fcvenli b\u00f6lgelere aktar\u0131ld\u0131klar\u0131n\u0131 ifade etti.<\/p>\n<p>Kahraman ordu birliklerimizin yard\u0131mlar\u0131yla Zebdin Beldesinden \u00e7o\u011fu kad\u0131n ve \u00e7ocuklardan olu\u015fan 150 vatanda\u015f\u0131m\u0131z\u0131n \u00e7\u0131kmay\u0131 ba\u015fard\u0131\u011f\u0131n\u0131 dile getiren Berket; ayr\u0131ca beldeden \u00e7\u0131kan ve sa\u011fl\u0131k durumu a\u011f\u0131r olan 20 ki\u015finin ambulansla hastaneye kald\u0131r\u0131ld\u0131\u011f\u0131n\u0131 belirtti.<\/p>\n<p>Beldeden \u00e7\u0131kan vatanda\u015flar\u0131m\u0131zdan isteyenlerin ge\u00e7ici bar\u0131nma merkezlerine yerle\u015ftirileceklerini ve b\u00fct\u00fcn ihtiya\u00e7lar\u0131n\u0131n kar\u015f\u0131lanaca\u011f\u0131na i\u015faret eden Berket; Zebdin Beldesinde sivil vatanda\u015flar\u0131n kurtar\u0131lmas\u0131 \u00e7al\u0131\u015fmalar\u0131na paralel olarak uzla\u015fma \u00e7al\u0131\u015fmalar\u0131n\u0131n da ba\u015far\u0131yla devam etti\u011fine de\u011finerek bu \u00e7al\u0131\u015fmalar \u00e7er\u00e7evesinde bir\u00e7ok silahl\u0131n\u0131n silahlar\u0131yla birlikte g\u00fcvenlik birimlerine teslim oldu\u011funu aktard\u0131.<\/p>\n<p>&nbsp;<\/p>\n","protected":false},"excerpt":{"rendered":"<p>\u015eAM KIRSALI \u2013 Kahraman ordu birliklerimiz vatanda\u015flar\u0131 koruma g\u00f6revi \u00e7er\u00e7evesinde bug\u00fcn \u015eam K\u0131rsal\u0131n\u0131n Do\u011fu \u011euta B\u00f6lgesine ba\u011fl\u0131 Zebdin Beldesindeki ter\u00f6r zulm\u00fcnden ka\u00e7maya \u00e7al\u0131\u015fan onlarca ailenin beldeden \u00e7\u0131kmas\u0131na yard\u0131mc\u0131 oldu. Suriye A\u015firetleri Ulusal Komisyonu \u00dcyesi Cemal Berket; SANA\u2019ya yapt\u0131\u011f\u0131 a\u00e7\u0131klamada bug\u00fcn kahraman birliklerimizin yapt\u0131klar\u0131 \u00e7al\u0131\u015fmalar sonucunda onlarca ailenin Zebdin beldesinden \u00e7\u0131kart\u0131larak Caramana kentinde g\u00fcvenli b\u00f6lgelere aktar\u0131ld\u0131klar\u0131n\u0131 &hellip;<\/p>\n","protected":false},"author":1,"featured_media":19654,"comment_status":"closed","ping_status":"closed","sticky":false,"template":"","format":"standard","meta":{"footnotes":""},"categories":[479,575,478],"tags":[9349],"class_list":["post-19651","post","type-post","status-publish","format-standard","has-post-thumbnail","","category-haberler-yerel","category-olaylar-ve-gercekler","category-yerel","tag-onlarca-aile-zebdin-bolgesinde-teror-zulmunden-kurtarildi-sam-cevre-kent-kahraman-ordu-birliklerimiz-vatandaslari-koruma-gorevi-cercevesinde-bugun-sam-kirsalinin-dogu-guta-bolgesine-bagli-ze"],"_links":{"self":[{"href":"https:\/\/archive.sana.sy\/tr\/index.php?rest_route=\/wp\/v2\/posts\/19651","targetHints":{"allow":["GET"]}}],"collection":[{"href":"https:\/\/archive.sana.sy\/tr\/index.php?rest_route=\/wp\/v2\/posts"}],"about":[{"href":"https:\/\/archive.sana.sy\/tr\/index.php?rest_route=\/wp\/v2\/types\/post"}],"author":[{"embeddable":true,"href":"https:\/\/archive.sana.sy\/tr\/index.php?rest_route=\/wp\/v2\/users\/1"}],"replies":[{"embeddable":true,"href":"https:\/\/archive.sana.sy\/tr\/index.php?rest_route=%2Fwp%2Fv2%2Fcomments&post=19651"}],"version-history":[{"count":0,"href":"https:\/\/archive.sana.sy\/tr\/index.php?rest_route=\/wp\/v2\/posts\/19651\/revisions"}],"wp:featuredmedia":[{"embeddable":true,"href":"https:\/\/archive.sana.sy\/tr\/index.php?rest_route=\/wp\/v2\/media\/19654"}],"wp:attachment":[{"href":"https:\/\/archive.sana.sy\/tr\/index.php?rest_route=%2Fwp%2Fv2%2Fmedia&parent=19651"}],"wp:term":[{"taxonomy":"category","embeddable":true,"href":"https:\/\/archive.sana.sy\/tr\/index.php?rest_route=%2Fwp%2Fv2%2Fcategories&post=19651"},{"taxonomy":"post_tag","embeddable":true,"href":"https:\/\/archive.sana.sy\/tr\/index.php?rest_route=%2Fwp%2Fv2%2Ftags&post=19651"}],"curies":[{"name":"wp","href":"https:\/\/api.w.org\/{rel}","templated":true}]}}