{"id":196702,"date":"2019-12-08T15:15:34","date_gmt":"2019-12-08T13:15:34","guid":{"rendered":"http:\/\/www.sana.sy\/tr\/?p=196702"},"modified":"2019-12-09T14:49:23","modified_gmt":"2019-12-09T12:49:23","slug":"turk-akademiyen-turkiyenin-suriye-ile-isbirligi-yapmadan-bolgedeki-guvenligi-ve-cikarlarini-garantiye-alamaz","status":"publish","type":"post","link":"https:\/\/archive.sana.sy\/tr\/?p=196702","title":{"rendered":"T\u00fcrk Akademiyen: T\u00fcrkiye&#8217;nin Suriye \u0130le \u0130\u015fbirli\u011fi Yapmadan B\u00f6lgedeki G\u00fcvenli\u011fi ve \u00c7\u0131karlar\u0131n\u0131 Garantiye Alamaz"},"content":{"rendered":"<p style=\"text-align: justify;\">ANKARA &#8211; \u0130stanbul Okan \u00dcniversitesi Uluslararas\u0131 \u0130li\u015fkiler Profes\u00f6r\u00fc Erol M\u00fctercimler, T\u00fcrkiye&#8217;nin Suriye devleti ile anla\u015fma ve i\u015fbirli\u011fi yapmadan b\u00f6lgedeki g\u00fcvenli\u011fini ve \u00e7\u0131karlar\u0131n\u0131 garanti edemeyece\u011fini belirttti.<\/p>\n<p style=\"text-align: justify;\">M\u00fctercimler, Halk Tv&#8217;ye verdi\u011fi r\u00f6portajda, &#8220;Suriye devletiyle koordinasyon ve i\u015fbirli\u011fi yapmadan, T\u00fcrkiye bu konuda ciddi oldu\u011fu takdirde i\u00e7 sorunlar\u0131na da \u00e7\u00f6z\u00fcm bulamayacak&#8221; dedi.<\/p>\n<p style=\"text-align: justify;\">M\u00fctercimler, T\u00fcrk rejimi Cumhurba\u015fkan\u0131 Recep Tayyip Erdo\u011fan&#8217;\u0131n, Suriye\u2019nin birli\u011fi, ba\u011f\u0131ms\u0131zl\u0131\u011f\u0131 ve egemenli\u011fi olan bir \u00fclke oldu\u011funu unutmamas\u0131 gere\u011fini vurgulayarak, bununla birlikte Suriye ile uzla\u015farak Ankara\u2019ya, \u00f6zellikle \u0130ran, Irak, Rusya ve M\u0131s\u0131r da dahil olmak \u00fczere t\u00fcm d\u0131\u015f politika sorunlar\u0131yla ba\u015fa \u00e7\u0131kmada \u00f6nemli bir unsur oldu\u011funa i\u015faret etti.<\/p>\n","protected":false},"excerpt":{"rendered":"<p>ANKARA &#8211; \u0130stanbul Okan \u00dcniversitesi Uluslararas\u0131 \u0130li\u015fkiler Profes\u00f6r\u00fc Erol M\u00fctercimler, T\u00fcrkiye&#8217;nin Suriye devleti ile anla\u015fma ve i\u015fbirli\u011fi yapmadan b\u00f6lgedeki g\u00fcvenli\u011fini ve \u00e7\u0131karlar\u0131n\u0131 garanti edemeyece\u011fini belirttti. M\u00fctercimler, Halk Tv&#8217;ye verdi\u011fi r\u00f6portajda, &#8220;Suriye devletiyle koordinasyon ve i\u015fbirli\u011fi yapmadan, T\u00fcrkiye bu konuda ciddi oldu\u011fu takdirde i\u00e7 sorunlar\u0131na da \u00e7\u00f6z\u00fcm bulamayacak&#8221; dedi. M\u00fctercimler, T\u00fcrk rejimi Cumhurba\u015fkan\u0131 Recep Tayyip Erdo\u011fan&#8217;\u0131n, &hellip;<\/p>\n","protected":false},"author":1,"featured_media":196703,"comment_status":"closed","ping_status":"closed","sticky":false,"template":"","format":"standard","meta":{"footnotes":""},"categories":[17988,2554,2555],"tags":[],"class_list":["post-196702","post","type-post","status-publish","format-standard","has-post-thumbnail","","category-son-haberler","category-suriye-ve-dunya","category-suriye-ve-turkiye"],"_links":{"self":[{"href":"https:\/\/archive.sana.sy\/tr\/index.php?rest_route=\/wp\/v2\/posts\/196702","targetHints":{"allow":["GET"]}}],"collection":[{"href":"https:\/\/archive.sana.sy\/tr\/index.php?rest_route=\/wp\/v2\/posts"}],"about":[{"href":"https:\/\/archive.sana.sy\/tr\/index.php?rest_route=\/wp\/v2\/types\/post"}],"author":[{"embeddable":true,"href":"https:\/\/archive.sana.sy\/tr\/index.php?rest_route=\/wp\/v2\/users\/1"}],"replies":[{"embeddable":true,"href":"https:\/\/archive.sana.sy\/tr\/index.php?rest_route=%2Fwp%2Fv2%2Fcomments&post=196702"}],"version-history":[{"count":0,"href":"https:\/\/archive.sana.sy\/tr\/index.php?rest_route=\/wp\/v2\/posts\/196702\/revisions"}],"wp:featuredmedia":[{"embeddable":true,"href":"https:\/\/archive.sana.sy\/tr\/index.php?rest_route=\/wp\/v2\/media\/196703"}],"wp:attachment":[{"href":"https:\/\/archive.sana.sy\/tr\/index.php?rest_route=%2Fwp%2Fv2%2Fmedia&parent=196702"}],"wp:term":[{"taxonomy":"category","embeddable":true,"href":"https:\/\/archive.sana.sy\/tr\/index.php?rest_route=%2Fwp%2Fv2%2Fcategories&post=196702"},{"taxonomy":"post_tag","embeddable":true,"href":"https:\/\/archive.sana.sy\/tr\/index.php?rest_route=%2Fwp%2Fv2%2Ftags&post=196702"}],"curies":[{"name":"wp","href":"https:\/\/api.w.org\/{rel}","templated":true}]}}