{"id":196707,"date":"2019-12-08T15:15:56","date_gmt":"2019-12-08T13:15:56","guid":{"rendered":"http:\/\/www.sana.sy\/tr\/?p=196707"},"modified":"2019-12-09T15:15:48","modified_gmt":"2019-12-09T13:15:48","slug":"suriye-ordusunun-konuslanmasi-ardindan-hayat-abu-raseyn-nahiyesine-yeniden-dondu","status":"publish","type":"post","link":"https:\/\/archive.sana.sy\/tr\/?p=196707","title":{"rendered":"Suriye Ordusunun Konu\u015flanmas\u0131 Ard\u0131ndan Hayat Abu Raseyn Nahiyesine Yeniden D\u00f6nd\u00fc"},"content":{"rendered":"<p style=\"text-align: justify;\">HASEKE \u2013 Haseke kuzey k\u0131rsal\u0131na ba\u011fl\u0131 Abu Raseyn Nahiyesi ve k\u00f6ylerindeki hayat yava\u015f yava\u015f d\u00f6nmeye ba\u015flarken, Suriye Arap Ordusunun varl\u0131\u011f\u0131n\u0131 koymas\u0131yla istikrar durumuyla birlikte pazarlardaki ticaret ahereketi ve aktiviteleri de yava\u015f yava\u015f geri d\u00f6nd\u00fc.<\/p>\n<p style=\"text-align: justify;\"><a href=\"http:\/\/www.sana.sy\/tr\/wp-content\/uploads\/2019\/12\/3-3.jpg\"><img loading=\"lazy\" decoding=\"async\" class=\"size-medium wp-image-196709 alignright\" src=\"http:\/\/www.sana.sy\/tr\/wp-content\/uploads\/2019\/12\/3-3-300x187.jpg\" alt=\"\" width=\"300\" height=\"187\" srcset=\"https:\/\/archive.sana.sy\/tr\/wp-content\/uploads\/2019\/12\/3-3-300x187.jpg 300w, https:\/\/archive.sana.sy\/tr\/wp-content\/uploads\/2019\/12\/3-3-150x94.jpg 150w, https:\/\/archive.sana.sy\/tr\/wp-content\/uploads\/2019\/12\/3-3.jpg 660w\" sizes=\"auto, (max-width: 300px) 100vw, 300px\" \/><\/a>Suriye-T\u00fcrkiye s\u0131n\u0131r\u0131na 15 km uzakl\u0131kta olan Abu Raseyn Nahiyesi, b\u00f6lgenin en \u00f6nemli mevkilerinden biri olup, Dirbasiye, Rasul Ayn ve Tel Temr \u00fc\u00e7geninde bulu\u015fma noktas\u0131, pamuk, bu\u011fday ve arpa gibi stratejik mahs\u00fcl \u00fcretiminde a\u011f\u0131rl\u0131\u011f\u0131 olan bir b\u00f6lge say\u0131lmaktad\u0131r.<\/p>\n<p style=\"text-align: justify;\">\u0130\u015fgalci T\u00fcrk kuvvetleri ve kiral\u0131klar\u0131 taraf\u0131ndan sald\u0131r\u0131ya maruz kalarak y\u00fczlerce vatanda\u015f\u0131n tehcir edildi\u011fi nahiyeye ahali bug\u00fcn istikrar\u0131n sa\u011flanmas\u0131 ard\u0131ndan ev ve k\u00f6\u00f6ylerine yeniden d\u00f6nmeye ba\u015flad\u0131.<\/p>\n<p style=\"text-align: justify;\">Vatanda\u015flar taraf\u0131ndan SANA muhabirine yap\u0131lan a\u00e7\u0131klamalarda, <a href=\"http:\/\/www.sana.sy\/tr\/wp-content\/uploads\/2019\/12\/4-3.jpg\"><img loading=\"lazy\" decoding=\"async\" class=\"size-medium wp-image-196710 alignright\" src=\"http:\/\/www.sana.sy\/tr\/wp-content\/uploads\/2019\/12\/4-3-300x183.jpg\" alt=\"\" width=\"300\" height=\"183\" srcset=\"https:\/\/archive.sana.sy\/tr\/wp-content\/uploads\/2019\/12\/4-3-300x183.jpg 300w, https:\/\/archive.sana.sy\/tr\/wp-content\/uploads\/2019\/12\/4-3-150x92.jpg 150w, https:\/\/archive.sana.sy\/tr\/wp-content\/uploads\/2019\/12\/4-3.jpg 660w\" sizes=\"auto, (max-width: 300px) 100vw, 300px\" \/><\/a>hayat\u0131n beldeye yeniden d\u00f6nd\u00fc\u011f\u00fcn\u00fc merkezinin pazarlar\u0131n\u0131n aktivitelerini y\u00fcr\u00fctmesi ve ahalinin gereksinimlerini temin etmesiyle birlikte ticari hareketin geri d\u00f6nd\u00fc\u011f\u00fcne i\u015faret etti.<\/p>\n<p style=\"text-align: justify;\">Ahalinin \u00e7o\u011funun Suriye topraklar\u0131na y\u00f6nelik T\u00fcrk sald\u0131r\u0131lar\u0131n\u0131n ba\u015flang\u0131c\u0131yla birlikte\u00a0 Nahiye&#8217;yi terkettiklerine i\u015faret eden vatanda\u015flar, Suriye Arap Ordusunun b\u00f6lgeye ge\u00e7i\u015fi ve g\u00fcvenlik dairesinin geni\u015flemesiyle birlikte ahalinin evlerine, k\u00f6y ve beldelerine d\u00f6nmelerine te\u015fvik etti\u011fini ve ticari veya tar\u0131m olsun i\u015f hayatlar\u0131na geri d\u00f6nd\u00fcklerini ifade etti.<\/p>\n","protected":false},"excerpt":{"rendered":"<p>HASEKE \u2013 Haseke kuzey k\u0131rsal\u0131na ba\u011fl\u0131 Abu Raseyn Nahiyesi ve k\u00f6ylerindeki hayat yava\u015f yava\u015f d\u00f6nmeye ba\u015flarken, Suriye Arap Ordusunun varl\u0131\u011f\u0131n\u0131 koymas\u0131yla istikrar durumuyla birlikte pazarlardaki ticaret ahereketi ve aktiviteleri de yava\u015f yava\u015f geri d\u00f6nd\u00fc. Suriye-T\u00fcrkiye s\u0131n\u0131r\u0131na 15 km uzakl\u0131kta olan Abu Raseyn Nahiyesi, b\u00f6lgenin en \u00f6nemli mevkilerinden biri olup, Dirbasiye, Rasul Ayn ve Tel Temr &hellip;<\/p>\n","protected":false},"author":1,"featured_media":196708,"comment_status":"closed","ping_status":"closed","sticky":false,"template":"","format":"standard","meta":{"footnotes":""},"categories":[596,479,17988,478],"tags":[],"class_list":["post-196707","post","type-post","status-publish","format-standard","has-post-thumbnail","","category-fotografli-raporlar","category-haberler-yerel","category-son-haberler","category-yerel"],"_links":{"self":[{"href":"https:\/\/archive.sana.sy\/tr\/index.php?rest_route=\/wp\/v2\/posts\/196707","targetHints":{"allow":["GET"]}}],"collection":[{"href":"https:\/\/archive.sana.sy\/tr\/index.php?rest_route=\/wp\/v2\/posts"}],"about":[{"href":"https:\/\/archive.sana.sy\/tr\/index.php?rest_route=\/wp\/v2\/types\/post"}],"author":[{"embeddable":true,"href":"https:\/\/archive.sana.sy\/tr\/index.php?rest_route=\/wp\/v2\/users\/1"}],"replies":[{"embeddable":true,"href":"https:\/\/archive.sana.sy\/tr\/index.php?rest_route=%2Fwp%2Fv2%2Fcomments&post=196707"}],"version-history":[{"count":0,"href":"https:\/\/archive.sana.sy\/tr\/index.php?rest_route=\/wp\/v2\/posts\/196707\/revisions"}],"wp:featuredmedia":[{"embeddable":true,"href":"https:\/\/archive.sana.sy\/tr\/index.php?rest_route=\/wp\/v2\/media\/196708"}],"wp:attachment":[{"href":"https:\/\/archive.sana.sy\/tr\/index.php?rest_route=%2Fwp%2Fv2%2Fmedia&parent=196707"}],"wp:term":[{"taxonomy":"category","embeddable":true,"href":"https:\/\/archive.sana.sy\/tr\/index.php?rest_route=%2Fwp%2Fv2%2Fcategories&post=196707"},{"taxonomy":"post_tag","embeddable":true,"href":"https:\/\/archive.sana.sy\/tr\/index.php?rest_route=%2Fwp%2Fv2%2Ftags&post=196707"}],"curies":[{"name":"wp","href":"https:\/\/api.w.org\/{rel}","templated":true}]}}