{"id":196712,"date":"2019-12-08T18:27:50","date_gmt":"2019-12-08T16:27:50","guid":{"rendered":"http:\/\/www.sana.sy\/tr\/?p=196712"},"modified":"2019-12-09T14:49:29","modified_gmt":"2019-12-09T12:49:29","slug":"idlib-kirsalindaki-terorist-gruplar-skeylbiyeye-roketlerle-saldirdi","status":"publish","type":"post","link":"https:\/\/archive.sana.sy\/tr\/?p=196712","title":{"rendered":"\u0130dlib K\u0131rsal\u0131ndaki Ter\u00f6rist Gruplar Skeylbiye&#8217;ye Roketlerle Sald\u0131rd\u0131"},"content":{"rendered":"<p style=\"text-align: justify;\">HAMA \u2013 \u0130dlib g\u00fcney k\u0131rsal\u0131nda yay\u0131lan ter\u00f6rist gruplar bug\u00fcn, Hama kuzey k\u0131rsal\u0131ndaki Skeylbiye Kentine roketli f\u00fczelerle sald\u0131rmas\u0131 sonucunda maddi zararlar meydana geldi.<\/p>\n<p style=\"text-align: justify;\">SANA Hama Muhabiri, \u0130dlib g\u00fcney k\u0131rsal\u0131nda konu\u015flanan ter\u00f6rist gruplar\u0131n f\u0131rlatt\u0131\u0131\u011f\u0131 roketli f\u00fczelerin Hama kuzeybat\u0131 k\u0131rsal\u0131ndaki Skeylbiye Kentinin \u00e7evresine d\u00fc\u015fmeleri sonucunda maddi zararlara yol a\u00e7arken ahali aras\u0131nda \u00f6l\u00fc ve yaralanmalara neden olmad\u0131\u011f\u0131n\u0131 s\u00f6yledi.<\/p>\n<p style=\"text-align: justify;\">Muhabir, ordu birliklerimizin roketlerin at\u0131ld\u0131\u011f\u0131 yerleri belirledi\u011fini ve sald\u0131r\u0131lara top ate\u015fiyle cevap verdi\u011fini, ter\u00f6rist saflar\u0131nda do\u011frudan isabetler sa\u011flad\u0131\u011f\u0131na dikkat \u00e7ekti.<\/p>\n","protected":false},"excerpt":{"rendered":"<p>HAMA \u2013 \u0130dlib g\u00fcney k\u0131rsal\u0131nda yay\u0131lan ter\u00f6rist gruplar bug\u00fcn, Hama kuzey k\u0131rsal\u0131ndaki Skeylbiye Kentine roketli f\u00fczelerle sald\u0131rmas\u0131 sonucunda maddi zararlar meydana geldi. SANA Hama Muhabiri, \u0130dlib g\u00fcney k\u0131rsal\u0131nda konu\u015flanan ter\u00f6rist gruplar\u0131n f\u0131rlatt\u0131\u0131\u011f\u0131 roketli f\u00fczelerin Hama kuzeybat\u0131 k\u0131rsal\u0131ndaki Skeylbiye Kentinin \u00e7evresine d\u00fc\u015fmeleri sonucunda maddi zararlara yol a\u00e7arken ahali aras\u0131nda \u00f6l\u00fc ve yaralanmalara neden olmad\u0131\u011f\u0131n\u0131 s\u00f6yledi. Muhabir, &hellip;<\/p>\n","protected":false},"author":1,"featured_media":196736,"comment_status":"closed","ping_status":"closed","sticky":false,"template":"","format":"standard","meta":{"footnotes":""},"categories":[479,575,17988,478],"tags":[],"class_list":["post-196712","post","type-post","status-publish","format-standard","has-post-thumbnail","","category-haberler-yerel","category-olaylar-ve-gercekler","category-son-haberler","category-yerel"],"_links":{"self":[{"href":"https:\/\/archive.sana.sy\/tr\/index.php?rest_route=\/wp\/v2\/posts\/196712","targetHints":{"allow":["GET"]}}],"collection":[{"href":"https:\/\/archive.sana.sy\/tr\/index.php?rest_route=\/wp\/v2\/posts"}],"about":[{"href":"https:\/\/archive.sana.sy\/tr\/index.php?rest_route=\/wp\/v2\/types\/post"}],"author":[{"embeddable":true,"href":"https:\/\/archive.sana.sy\/tr\/index.php?rest_route=\/wp\/v2\/users\/1"}],"replies":[{"embeddable":true,"href":"https:\/\/archive.sana.sy\/tr\/index.php?rest_route=%2Fwp%2Fv2%2Fcomments&post=196712"}],"version-history":[{"count":0,"href":"https:\/\/archive.sana.sy\/tr\/index.php?rest_route=\/wp\/v2\/posts\/196712\/revisions"}],"wp:featuredmedia":[{"embeddable":true,"href":"https:\/\/archive.sana.sy\/tr\/index.php?rest_route=\/wp\/v2\/media\/196736"}],"wp:attachment":[{"href":"https:\/\/archive.sana.sy\/tr\/index.php?rest_route=%2Fwp%2Fv2%2Fmedia&parent=196712"}],"wp:term":[{"taxonomy":"category","embeddable":true,"href":"https:\/\/archive.sana.sy\/tr\/index.php?rest_route=%2Fwp%2Fv2%2Fcategories&post=196712"},{"taxonomy":"post_tag","embeddable":true,"href":"https:\/\/archive.sana.sy\/tr\/index.php?rest_route=%2Fwp%2Fv2%2Ftags&post=196712"}],"curies":[{"name":"wp","href":"https:\/\/api.w.org\/{rel}","templated":true}]}}