{"id":197227,"date":"2019-12-14T21:52:50","date_gmt":"2019-12-14T19:52:50","guid":{"rendered":"http:\/\/www.sana.sy\/tr\/?p=197227"},"modified":"2019-12-16T13:47:56","modified_gmt":"2019-12-16T11:47:56","slug":"basbug-suriyenin-birligini-korumak-turkiye-guvenligi-icin-zorunluluktur","status":"publish","type":"post","link":"https:\/\/archive.sana.sy\/tr\/?p=197227","title":{"rendered":"Ba\u015fbu\u011f: Suriye&#8217;nin Birli\u011fini Korumak T\u00fcrkiye G\u00fcvenli\u011fi \u0130\u00e7in Zorunluluktur"},"content":{"rendered":"<h5 style=\"text-align: justify;\">ANKARA \u2013 T\u00fcrkiye Eski Genelkurmay Ba\u015fkan\u0131 \u0130lker Ba\u015fbu\u011f, Suriye&#8217;nin toprak birli\u011fini koruman\u0131n T\u00fcrkiye&#8217;nin g\u00fcven ve istikrar\u0131 a\u00e7\u0131s\u0131ndan zorunlu bir durum oldu\u011funu belirtti.<\/h5>\n<h5 style=\"text-align: justify;\">Ba\u015fbu\u011f S\u00f6zc\u00fc gazetesine demecinde, Suriye devleti ve me\u015fru h\u00fckumetiyle kapsaml\u0131 ili\u015fkileri normalle\u015ftirmeye \u00e7a\u011f\u0131rarak, Suriye krizi ve T\u00fcrkiye&#8217;ye sonu\u00e7lar\u0131n\u0131n tedavi edilmesi i\u00e7in tek yol oldu\u011funu vurgulad\u0131.<\/h5>\n<h5 style=\"text-align: justify;\">Ba\u015fbu\u011f ayr\u0131ca, T\u00fcrkiye&#8217;nin ba\u015fta civar \u00fclkeler olmak \u00fczere di\u011fer \u00fclkelerin i\u00e7i\u015flerine m\u00fcdahale etmekten kendini al\u0131koymas\u0131 zorunlulu\u011funu vurgulad\u0131.<\/h5>\n","protected":false},"excerpt":{"rendered":"<p>ANKARA \u2013 T\u00fcrkiye Eski Genelkurmay Ba\u015fkan\u0131 \u0130lker Ba\u015fbu\u011f, Suriye&#8217;nin toprak birli\u011fini koruman\u0131n T\u00fcrkiye&#8217;nin g\u00fcven ve istikrar\u0131 a\u00e7\u0131s\u0131ndan zorunlu bir durum oldu\u011funu belirtti. Ba\u015fbu\u011f S\u00f6zc\u00fc gazetesine demecinde, Suriye devleti ve me\u015fru h\u00fckumetiyle kapsaml\u0131 ili\u015fkileri normalle\u015ftirmeye \u00e7a\u011f\u0131rarak, Suriye krizi ve T\u00fcrkiye&#8217;ye sonu\u00e7lar\u0131n\u0131n tedavi edilmesi i\u00e7in tek yol oldu\u011funu vurgulad\u0131. Ba\u015fbu\u011f ayr\u0131ca, T\u00fcrkiye&#8217;nin ba\u015fta civar \u00fclkeler olmak \u00fczere &hellip;<\/p>\n","protected":false},"author":1,"featured_media":197228,"comment_status":"closed","ping_status":"closed","sticky":false,"template":"","format":"standard","meta":{"footnotes":""},"categories":[17988,2554,2555],"tags":[],"class_list":["post-197227","post","type-post","status-publish","format-standard","has-post-thumbnail","","category-son-haberler","category-suriye-ve-dunya","category-suriye-ve-turkiye"],"_links":{"self":[{"href":"https:\/\/archive.sana.sy\/tr\/index.php?rest_route=\/wp\/v2\/posts\/197227","targetHints":{"allow":["GET"]}}],"collection":[{"href":"https:\/\/archive.sana.sy\/tr\/index.php?rest_route=\/wp\/v2\/posts"}],"about":[{"href":"https:\/\/archive.sana.sy\/tr\/index.php?rest_route=\/wp\/v2\/types\/post"}],"author":[{"embeddable":true,"href":"https:\/\/archive.sana.sy\/tr\/index.php?rest_route=\/wp\/v2\/users\/1"}],"replies":[{"embeddable":true,"href":"https:\/\/archive.sana.sy\/tr\/index.php?rest_route=%2Fwp%2Fv2%2Fcomments&post=197227"}],"version-history":[{"count":0,"href":"https:\/\/archive.sana.sy\/tr\/index.php?rest_route=\/wp\/v2\/posts\/197227\/revisions"}],"wp:featuredmedia":[{"embeddable":true,"href":"https:\/\/archive.sana.sy\/tr\/index.php?rest_route=\/wp\/v2\/media\/197228"}],"wp:attachment":[{"href":"https:\/\/archive.sana.sy\/tr\/index.php?rest_route=%2Fwp%2Fv2%2Fmedia&parent=197227"}],"wp:term":[{"taxonomy":"category","embeddable":true,"href":"https:\/\/archive.sana.sy\/tr\/index.php?rest_route=%2Fwp%2Fv2%2Fcategories&post=197227"},{"taxonomy":"post_tag","embeddable":true,"href":"https:\/\/archive.sana.sy\/tr\/index.php?rest_route=%2Fwp%2Fv2%2Ftags&post=197227"}],"curies":[{"name":"wp","href":"https:\/\/api.w.org\/{rel}","templated":true}]}}