{"id":197230,"date":"2019-12-14T21:57:58","date_gmt":"2019-12-14T19:57:58","guid":{"rendered":"http:\/\/www.sana.sy\/tr\/?p=197230"},"modified":"2019-12-16T13:48:11","modified_gmt":"2019-12-16T11:48:11","slug":"arap-halter-sampiyonasinin-birinci-gununde-suriyeye-35-madalya","status":"publish","type":"post","link":"https:\/\/archive.sana.sy\/tr\/?p=197230","title":{"rendered":"Arap Halter \u015eampiyonas\u0131n\u0131n Birinci G\u00fcn\u00fcnde Suriye&#8217;ye 35 Madalya"},"content":{"rendered":"<h5 style=\"text-align: justify;\">AMMAN \u2013 Suriye Halter Milli Tak\u0131m\u0131 \u00dcrd\u00fcn&#8217;\u00fcn ba\u015fkenti Amman&#8217;da d\u00fczenlenen Arap Halter \u015eampiyonas\u0131n\u0131n birinci g\u00fcn\u00fcnde, Erkekler, Kad\u0131nlar, Gen\u00e7 Erkekler, Gen\u00e7 K\u0131zlar, Yeti\u015fkin K\u0131zlar ve Yeti\u015fkin Erkekler Halter Dallar\u0131nda muhtelif t\u00fcr 35 madalya elde etti.<\/h5>\n<h5 style=\"text-align: justify;\">Madalyalar\u0131, Cafer Meyya 1 alt\u0131n ve 1 g\u00fcm\u00fc\u015f, Yahya Cafer, 2 alt\u0131n, 2 g\u00fcm\u00fc\u015f ve 3 bronz, Rima Muhammed Re\u015fa 3 alt\u0131n, Mari Hasan 6 alt\u0131n, Rima Re\u015fa 2 alt\u0131n 1 g\u00fcm\u00fc\u015f, Mirna Hasan 6 alt\u0131n 3 g\u00fcm\u00fc\u015f ve Mari C\u0131\u011fl\u0131 6 alt\u0131n madalya kazand\u0131.<\/h5>\n","protected":false},"excerpt":{"rendered":"<p>AMMAN \u2013 Suriye Halter Milli Tak\u0131m\u0131 \u00dcrd\u00fcn&#8217;\u00fcn ba\u015fkenti Amman&#8217;da d\u00fczenlenen Arap Halter \u015eampiyonas\u0131n\u0131n birinci g\u00fcn\u00fcnde, Erkekler, Kad\u0131nlar, Gen\u00e7 Erkekler, Gen\u00e7 K\u0131zlar, Yeti\u015fkin K\u0131zlar ve Yeti\u015fkin Erkekler Halter Dallar\u0131nda muhtelif t\u00fcr 35 madalya elde etti. Madalyalar\u0131, Cafer Meyya 1 alt\u0131n ve 1 g\u00fcm\u00fc\u015f, Yahya Cafer, 2 alt\u0131n, 2 g\u00fcm\u00fc\u015f ve 3 bronz, Rima Muhammed Re\u015fa 3 &hellip;<\/p>\n","protected":false},"author":1,"featured_media":197231,"comment_status":"closed","ping_status":"closed","sticky":false,"template":"","format":"standard","meta":{"footnotes":""},"categories":[498,17988,496],"tags":[],"class_list":["post-197230","post","type-post","status-publish","format-standard","has-post-thumbnail","","category-dunya-turnuvalari","category-son-haberler","category-spor"],"_links":{"self":[{"href":"https:\/\/archive.sana.sy\/tr\/index.php?rest_route=\/wp\/v2\/posts\/197230","targetHints":{"allow":["GET"]}}],"collection":[{"href":"https:\/\/archive.sana.sy\/tr\/index.php?rest_route=\/wp\/v2\/posts"}],"about":[{"href":"https:\/\/archive.sana.sy\/tr\/index.php?rest_route=\/wp\/v2\/types\/post"}],"author":[{"embeddable":true,"href":"https:\/\/archive.sana.sy\/tr\/index.php?rest_route=\/wp\/v2\/users\/1"}],"replies":[{"embeddable":true,"href":"https:\/\/archive.sana.sy\/tr\/index.php?rest_route=%2Fwp%2Fv2%2Fcomments&post=197230"}],"version-history":[{"count":0,"href":"https:\/\/archive.sana.sy\/tr\/index.php?rest_route=\/wp\/v2\/posts\/197230\/revisions"}],"wp:featuredmedia":[{"embeddable":true,"href":"https:\/\/archive.sana.sy\/tr\/index.php?rest_route=\/wp\/v2\/media\/197231"}],"wp:attachment":[{"href":"https:\/\/archive.sana.sy\/tr\/index.php?rest_route=%2Fwp%2Fv2%2Fmedia&parent=197230"}],"wp:term":[{"taxonomy":"category","embeddable":true,"href":"https:\/\/archive.sana.sy\/tr\/index.php?rest_route=%2Fwp%2Fv2%2Fcategories&post=197230"},{"taxonomy":"post_tag","embeddable":true,"href":"https:\/\/archive.sana.sy\/tr\/index.php?rest_route=%2Fwp%2Fv2%2Ftags&post=197230"}],"curies":[{"name":"wp","href":"https:\/\/api.w.org\/{rel}","templated":true}]}}