{"id":197241,"date":"2019-12-14T22:08:01","date_gmt":"2019-12-14T20:08:01","guid":{"rendered":"http:\/\/www.sana.sy\/tr\/?p=197241"},"modified":"2019-12-16T13:48:35","modified_gmt":"2019-12-16T11:48:35","slug":"halk-meclisi-isgal-edilen-golanli-halkimizin-azimeti-isgal-ve-barbarligina-karsi-direniste-kesinlikle-yumusamayacaktir","status":"publish","type":"post","link":"https:\/\/archive.sana.sy\/tr\/?p=197241","title":{"rendered":"Halk Meclisi: \u0130\u015fgal Edilen Golanl\u0131 Halk\u0131m\u0131z\u0131n Azimeti \u0130\u015fgal ve Barbarl\u0131\u011f\u0131na Kar\u015f\u0131 Direni\u015fte Kesinlikle Yumu\u015famayacakt\u0131r"},"content":{"rendered":"<p style=\"text-align: justify;\">\u015eAM \u2013 Halk Meclisi, \u0130\u015fgal edilen Golan&#8217;da ya\u015fayan ahalimizin i\u015fgalci ve barbarl\u0131\u011f\u0131na kar\u015f\u0131 direni\u015finde, i\u015fgalci \u0130srail varl\u0131\u011f\u0131 taraf\u0131ndan uygulanan despot icraatlar ve planl\u0131 bask\u0131lara ra\u011fmen kesinlikle yumu\u015famayaca\u011f\u0131n\u0131 belirtti.<\/p>\n<p style=\"text-align: justify;\">Suriyeli Golan&#8217;\u0131 Katma Y\u00f6n\u00fcndeki me\u015f&#8217;um \u0130srail karar\u0131n\u0131n 38. Y\u0131ld\u00f6n\u00fcm\u00fc m\u00fcnasebetiyle yay\u0131nlad\u0131\u011f\u0131 beyanda Meclis, i\u015fgal edilen Golanl\u0131 vatanda\u015flar\u0131m\u0131z\u0131n gasp\u00e7\u0131 varl\u0131\u011fa kar\u015f\u0131 koyma ve \u0131rk\u00e7\u0131 icraatlar\u0131na boyun e\u011fmeyi reddetmeye y\u00f6nelik, ilk andan itibaren ald\u0131\u011f\u0131 sabit ve birlik i\u00e7erisindeki ulusal tutumuna i\u015faret ederek \u015fehitler verdiklerini ve y\u00fczlercesinin de esir al\u0131nd\u0131\u011f\u0131na dikkat \u00e7ekti.<\/p>\n<p style=\"text-align: justify;\">Meclis beyan\u0131nda, Golan&#8217;daki vatanda\u015flar\u0131m\u0131z\u0131n Suriye Arap Ulusal kimliklerine ba\u011fl\u0131 kald\u0131klar\u0131n\u0131, g\u00f6zlerinin ise kurtulu\u015f ve anavatan Suriye&#8217;ye do\u011fru y\u00f6neldi\u011fini a\u00e7\u0131klayarak, i\u015fgal otoritelerinin 14.12.1981 tarihinde \u00e7\u0131kard\u0131\u011f\u0131 karar ile i\u015fgalci Siyonist varl\u0131\u011f\u0131n t\u00fcm kararlar\u0131n\u0131n bat\u0131l oldu\u011funu ve ka\u011f\u0131t \u00fczerinde m\u00fcrekkep olmaktan ileri gitmedi\u011fini vurgulad\u0131.<\/p>\n<p style=\"text-align: justify;\">Meclis beyan\u0131 sonunda; &#8220;Say\u0131n Cumhurba\u015fkan\u0131 Be\u015f\u015far Esad liderli\u011fi g\u00f6lgesinde, kahraman Suriye Arap Ordusu kahramanl\u0131klar\u0131 ve halk\u0131m\u0131z\u0131n direni\u015fiyle temiz ve pak vatan\u0131m\u0131z\u0131n her zerre topra\u011f\u0131n\u0131n geri al\u0131n\u0131ncaya kadar i\u015fgalle \u00e7at\u0131\u015fma ve direni\u015fin s\u00fcrd\u00fcr\u00fclmesinde b\u00fcy\u00fck halk\u0131m\u0131za taah\u00fct ederiz&#8221; denildi.<\/p>\n","protected":false},"excerpt":{"rendered":"<p>\u015eAM \u2013 Halk Meclisi, \u0130\u015fgal edilen Golan&#8217;da ya\u015fayan ahalimizin i\u015fgalci ve barbarl\u0131\u011f\u0131na kar\u015f\u0131 direni\u015finde, i\u015fgalci \u0130srail varl\u0131\u011f\u0131 taraf\u0131ndan uygulanan despot icraatlar ve planl\u0131 bask\u0131lara ra\u011fmen kesinlikle yumu\u015famayaca\u011f\u0131n\u0131 belirtti. Suriyeli Golan&#8217;\u0131 Katma Y\u00f6n\u00fcndeki me\u015f&#8217;um \u0130srail karar\u0131n\u0131n 38. Y\u0131ld\u00f6n\u00fcm\u00fc m\u00fcnasebetiyle yay\u0131nlad\u0131\u011f\u0131 beyanda Meclis, i\u015fgal edilen Golanl\u0131 vatanda\u015flar\u0131m\u0131z\u0131n gasp\u00e7\u0131 varl\u0131\u011fa kar\u015f\u0131 koyma ve \u0131rk\u00e7\u0131 icraatlar\u0131na boyun e\u011fmeyi reddetmeye &hellip;<\/p>\n","protected":false},"author":1,"featured_media":197242,"comment_status":"closed","ping_status":"closed","sticky":false,"template":"","format":"standard","meta":{"footnotes":""},"categories":[479,17988,478],"tags":[],"class_list":["post-197241","post","type-post","status-publish","format-standard","has-post-thumbnail","","category-haberler-yerel","category-son-haberler","category-yerel"],"_links":{"self":[{"href":"https:\/\/archive.sana.sy\/tr\/index.php?rest_route=\/wp\/v2\/posts\/197241","targetHints":{"allow":["GET"]}}],"collection":[{"href":"https:\/\/archive.sana.sy\/tr\/index.php?rest_route=\/wp\/v2\/posts"}],"about":[{"href":"https:\/\/archive.sana.sy\/tr\/index.php?rest_route=\/wp\/v2\/types\/post"}],"author":[{"embeddable":true,"href":"https:\/\/archive.sana.sy\/tr\/index.php?rest_route=\/wp\/v2\/users\/1"}],"replies":[{"embeddable":true,"href":"https:\/\/archive.sana.sy\/tr\/index.php?rest_route=%2Fwp%2Fv2%2Fcomments&post=197241"}],"version-history":[{"count":0,"href":"https:\/\/archive.sana.sy\/tr\/index.php?rest_route=\/wp\/v2\/posts\/197241\/revisions"}],"wp:featuredmedia":[{"embeddable":true,"href":"https:\/\/archive.sana.sy\/tr\/index.php?rest_route=\/wp\/v2\/media\/197242"}],"wp:attachment":[{"href":"https:\/\/archive.sana.sy\/tr\/index.php?rest_route=%2Fwp%2Fv2%2Fmedia&parent=197241"}],"wp:term":[{"taxonomy":"category","embeddable":true,"href":"https:\/\/archive.sana.sy\/tr\/index.php?rest_route=%2Fwp%2Fv2%2Fcategories&post=197241"},{"taxonomy":"post_tag","embeddable":true,"href":"https:\/\/archive.sana.sy\/tr\/index.php?rest_route=%2Fwp%2Fv2%2Ftags&post=197241"}],"curies":[{"name":"wp","href":"https:\/\/api.w.org\/{rel}","templated":true}]}}