{"id":197572,"date":"2019-12-19T18:15:47","date_gmt":"2019-12-19T16:15:47","guid":{"rendered":"http:\/\/www.sana.sy\/tr\/?p=197572"},"modified":"2019-12-20T14:49:50","modified_gmt":"2019-12-20T12:49:50","slug":"197572","status":"publish","type":"post","link":"https:\/\/archive.sana.sy\/tr\/?p=197572","title":{"rendered":"D\u0131\u015fi\u015fleri: Erdo\u011fan Uluslararas\u0131 Platformlar\u0131 \u015e\u00fcpheli Planlar\u0131n\u0131 Ger\u00e7ekle\u015ftirmek \u0130\u00e7in Kullan\u0131yor.."},"content":{"rendered":"<p>\u015eAM \u2013 Suriye, T\u00fcrk rejimi ba\u015fkan\u0131n\u0131n Suriye\u2019nin kuzeydo\u011fusunda \u201cg\u00fcvenli b\u00f6lge\u201d kurma ile ilgili ortaya koydu\u011fu planlar\u0131n\u0131n reddedildi\u011fini bir kez daha yeniledi.<\/p>\n<p>Cenevre\u2019de yap\u0131lan Uluslararas\u0131 M\u00fclteciler Konferans\u0131nda T\u00fcrk rejimi ba\u015fkan\u0131 Recep Tayyip Erdo\u011fan taraf\u0131ndan yap\u0131lan a\u00e7\u0131klamalar ile ilgili olarak D\u0131\u015fi\u015fleri ve Gurbet\u00e7iler Bakanl\u0131\u011f\u0131ndan resmi bir kaynak SANA muhabirine yapt\u0131\u011f\u0131 a\u00e7\u0131klamada, Erdo\u011fan\u2019\u0131n, uluslararas\u0131 platformlar\u0131ndan yararlamaya ve \u201cg\u00fcvenli b\u00f6lge\u201d konusunda \u015f\u00fcpheli planlar\u0131n\u0131 ortaya koymaya \u00e7al\u0131\u015ft\u0131\u011f\u0131n\u0131 dile getirdi.<\/p>\n<p>Kaynak; Erdo\u011fan\u2019\u0131n, Suriye\u2019nin kuzeydo\u011fusunda i\u015fgal etti\u011fi b\u00f6lgelerde sakinlerini zorla g\u00f6\u00e7 ettirmek ve uzakla\u015ft\u0131rmak ile yerlerine ba\u015fkalar\u0131n\u0131 getirme operasyonu \u00e7er\u00e7evesinde, bir milyon Suriyeliyi uzakla\u015ft\u0131rmak i\u00e7in m\u00fclteciler konusunu bahane ederek iddia edilen s\u00f6zde g\u00fcvenli b\u00f6lge ile ilgili \u015f\u00fcpheli planlar\u0131n\u0131n propagandas\u0131n\u0131 uluslararas\u0131 platformlarda yapmaya \u00e7al\u0131\u015ft\u0131\u011f\u0131na dikkat \u00e7ekti.<\/p>\n<p>Kaynak; Erdo\u011fan\u2019\u0131n, Suriye topraklar\u0131ndaki k\u00f6t\u00fc niyetli g\u00fcndemlerine ve \u00f6nerilerine uluslararas\u0131 deste\u011finin sa\u011flanmas\u0131 i\u00e7in kulland\u0131\u011f\u0131 sahte insanc\u0131l maskesine ra\u011fmen, Suriye petrol kaynaklar\u0131n\u0131 \u00e7almakla sapk\u0131n planlar\u0131n\u0131 finanse etmek i\u00e7in bulundu\u011fu \u00e7a\u011fr\u0131s\u0131n\u0131n, uluslararas\u0131 hukuka ayk\u0131r\u0131 davran\u0131\u015f ve eylemlere dayanarak yapt\u0131klar\u0131n\u0131n ger\u00e7ek niyetleri ve eylemlerini ortaya \u00e7\u0131kard\u0131\u011f\u0131n\u0131 s\u00f6yledi.<\/p>\n<p>Kaynak; m\u00fclteciler ile ilgili uluslararas\u0131 konferansta Erdo\u011fan\u2019\u0131n i\u015faret etti\u011fi \u201ca\u00e7\u0131k kap\u0131\u201d politikas\u0131n\u0131n, ger\u00e7ekte, binlerce yabanc\u0131 ter\u00f6risti silah ve finansla desteklemek, Suriye\u2019ye g\u00f6ndermek, \u00f6te yandan T\u00fcrk rejiminden destekli ter\u00f6ristlerin uygulad\u0131\u011f\u0131 su\u00e7lardan ka\u00e7mak zorunda kalan Suriyelileri s\u0131n\u0131r \u00fczerinden zorla yerinden etmek i\u00e7in, ve daha sonra Suriye\u2019ye kar\u015f\u0131 komploda ortaklar\u0131na, m\u00fclteciler konusunu bir \u015fantaj ve takas kart\u0131 olarak siyasi ve mali kazan\u00e7lar elde etmek i\u00e7in bir &#8220;d\u00f6ner kap\u0131&#8221; siyaseti oldu\u011funu ifade etti.<\/p>\n<p>Kaynak, s\u00f6z konusu kap\u0131n\u0131n I\u015e\u0130D ve Nusra Cephesi ter\u00f6r \u00f6rg\u00fctleri i\u015fbirli\u011fiyle Erdo\u011fan taraf\u0131ndan daha \u00f6nce Suriye petrol\u00fcn\u00fc ka\u00e7\u0131rmak ve T\u00fcrkiye&#8217;de satmak i\u00e7in kulland\u0131\u011f\u0131na dikkat \u00e7ekti.<\/p>\n<p>Kaynak; Suriye Arap Cumhuriyetinin, &#8220;g\u00fcvenli b\u00f6lge&#8221; ile ilgili Erdo\u011fan taraf\u0131ndan ortaya koyulan planlar\u0131 reddetti\u011fini kesin bir \u015fekilde yeniden vurgularken, m\u00fclteciler ile ilgili uluslararas\u0131 konferans\u0131 d\u00fczenleyenlerin, konferans\u0131 d\u00fczenleyenlerin bir taraf\u0131 olarak Erdo\u011fan\u2019\u0131 se\u00e7melerine y\u00f6nelik s\u0131k\u0131nt\u0131s\u0131n\u0131 dile getirerek, konferans platform faaliyetlerini, T\u00fcrk reklamlar\u0131na, tehcir edilen Suriyeliler i\u00e7in insani ac\u0131larla ticaret yapan ve uluslararas\u0131 kanun ilkelerini hi\u00e7e sayan tezlerini pazarlama platformuna \u00e7evirmesinden dolay\u0131 memnuniyetsizli\u011fini sile getirdi.<\/p>\n<p>Kaynak, Suriye&#8217;nin Birle\u015fmi\u015f Milletleri ve M\u00fclteciler Y\u00fcksek Komiserli\u011fini bu planlara ve BM misak\u0131 ve ilkeleriyle, aralar\u0131nda 1951 y\u0131l\u0131 M\u00fclteciler S\u00f6zle\u015fmesini de i\u00e7eren uluslararas\u0131 s\u00f6zle\u015fmelerde taraf olan T\u00fcrkiye&#8217;nin yasal y\u00fck\u00fcml\u00fcl\u00fckleri ve BM misak\u0131 ve ilkelerine a\u00e7\u0131k ihlal te\u015fkil eden T\u00fcrk politikalar\u0131na y\u00f6nelik a\u00e7\u0131k tav\u0131r almaya \u00e7a\u011f\u0131rd\u0131.<\/p>\n<p>Son olarak kaynak; Suriye&#8217;nin, T\u00fcrk rejiminin Suriye halk\u0131na y\u00f6nelik sald\u0131r\u0131lar\u0131, h\u0131rslar\u0131 ve su\u00e7lar\u0131 kar\u015f\u0131s\u0131nda halk\u0131n\u0131, egemenli\u011fini ve toprak b\u00fct\u00fcnl\u00fc\u011f\u00fcn\u00fc korumada t\u00fcm \u00e7abalar\u0131n\u0131 s\u00fcrd\u00fcrece\u011fini vurgulad\u0131.<\/p>\n<p>\u00c7eviri: P.M. ve S.\u015e.<\/p>\n<p>&nbsp;<\/p>\n","protected":false},"excerpt":{"rendered":"<p>\u015eAM \u2013 Suriye, T\u00fcrk rejimi ba\u015fkan\u0131n\u0131n Suriye\u2019nin kuzeydo\u011fusunda \u201cg\u00fcvenli b\u00f6lge\u201d kurma ile ilgili ortaya koydu\u011fu planlar\u0131n\u0131n reddedildi\u011fini bir kez daha yeniledi. Cenevre\u2019de yap\u0131lan Uluslararas\u0131 M\u00fclteciler Konferans\u0131nda T\u00fcrk rejimi ba\u015fkan\u0131 Recep Tayyip Erdo\u011fan taraf\u0131ndan yap\u0131lan a\u00e7\u0131klamalar ile ilgili olarak D\u0131\u015fi\u015fleri ve Gurbet\u00e7iler Bakanl\u0131\u011f\u0131ndan resmi bir kaynak SANA muhabirine yapt\u0131\u011f\u0131 a\u00e7\u0131klamada, Erdo\u011fan\u2019\u0131n, uluslararas\u0131 platformlar\u0131ndan yararlamaya ve \u201cg\u00fcvenli &hellip;<\/p>\n","protected":false},"author":1,"featured_media":197573,"comment_status":"closed","ping_status":"closed","sticky":false,"template":"","format":"standard","meta":{"footnotes":""},"categories":[479,17988,478],"tags":[],"class_list":["post-197572","post","type-post","status-publish","format-standard","has-post-thumbnail","","category-haberler-yerel","category-son-haberler","category-yerel"],"_links":{"self":[{"href":"https:\/\/archive.sana.sy\/tr\/index.php?rest_route=\/wp\/v2\/posts\/197572","targetHints":{"allow":["GET"]}}],"collection":[{"href":"https:\/\/archive.sana.sy\/tr\/index.php?rest_route=\/wp\/v2\/posts"}],"about":[{"href":"https:\/\/archive.sana.sy\/tr\/index.php?rest_route=\/wp\/v2\/types\/post"}],"author":[{"embeddable":true,"href":"https:\/\/archive.sana.sy\/tr\/index.php?rest_route=\/wp\/v2\/users\/1"}],"replies":[{"embeddable":true,"href":"https:\/\/archive.sana.sy\/tr\/index.php?rest_route=%2Fwp%2Fv2%2Fcomments&post=197572"}],"version-history":[{"count":0,"href":"https:\/\/archive.sana.sy\/tr\/index.php?rest_route=\/wp\/v2\/posts\/197572\/revisions"}],"wp:featuredmedia":[{"embeddable":true,"href":"https:\/\/archive.sana.sy\/tr\/index.php?rest_route=\/wp\/v2\/media\/197573"}],"wp:attachment":[{"href":"https:\/\/archive.sana.sy\/tr\/index.php?rest_route=%2Fwp%2Fv2%2Fmedia&parent=197572"}],"wp:term":[{"taxonomy":"category","embeddable":true,"href":"https:\/\/archive.sana.sy\/tr\/index.php?rest_route=%2Fwp%2Fv2%2Fcategories&post=197572"},{"taxonomy":"post_tag","embeddable":true,"href":"https:\/\/archive.sana.sy\/tr\/index.php?rest_route=%2Fwp%2Fv2%2Ftags&post=197572"}],"curies":[{"name":"wp","href":"https:\/\/api.w.org\/{rel}","templated":true}]}}