{"id":197584,"date":"2019-12-19T19:49:30","date_gmt":"2019-12-19T17:49:30","guid":{"rendered":"http:\/\/www.sana.sy\/tr\/?p=197584"},"modified":"2019-12-20T15:06:32","modified_gmt":"2019-12-20T13:06:32","slug":"bm-daimi-delegesinin-maslahatguzari-dr-luay-fellu-bmgknin-toplantisi-sirasindasuriyenin-icislerine-karismasini-surduren-devletler-tarafindan-suriye-halkina-dayatilan-ekonom","status":"publish","type":"post","link":"https:\/\/archive.sana.sy\/tr\/?p=197584","title":{"rendered":"BM daimi delegesi\u2019nin maslahatg\u00fczar\u0131 Dr.Luay fellu BMGK\u2019nin toplant\u0131s\u0131 s\u0131ras\u0131nda,Suriye\u2019nin i\u00e7i\u015flerine kar\u0131\u015fmas\u0131n\u0131 s\u00fcrd\u00fcren devletler taraf\u0131ndan Suriye Halk\u0131na dayat\u0131lan ekonomik ambargo ile Ter\u00f6rizm, krizin \u00e7\u00f6z\u00fcm ufuklar\u0131n\u0131 daralt\u0131r ve ter\u00f6rizmin tamamen bitirmesini \u00f6nler, dedi."},"content":{"rendered":"<p>BM daimi delegesi\u2019nin maslahatg\u00fczar\u0131 Dr.Luay fellu BMGK\u2019nin toplant\u0131s\u0131 s\u0131ras\u0131nda,Suriye\u2019nin i\u00e7i\u015flerine kar\u0131\u015fmas\u0131n\u0131 s\u00fcrd\u00fcren devletler taraf\u0131ndan Suriye Halk\u0131na dayat\u0131lan ekonomik ambargo ile Ter\u00f6rizm, krizin \u00e7\u00f6z\u00fcm ufuklar\u0131n\u0131 daralt\u0131r ve ter\u00f6rizmin tamamen bitirmesini \u00f6nler, dedi.<\/p>\n","protected":false},"excerpt":{"rendered":"<p>BM daimi delegesi\u2019nin maslahatg\u00fczar\u0131 Dr.Luay fellu BMGK\u2019nin toplant\u0131s\u0131 s\u0131ras\u0131nda,Suriye\u2019nin i\u00e7i\u015flerine kar\u0131\u015fmas\u0131n\u0131 s\u00fcrd\u00fcren devletler taraf\u0131ndan Suriye Halk\u0131na dayat\u0131lan ekonomik ambargo ile Ter\u00f6rizm, krizin \u00e7\u00f6z\u00fcm ufuklar\u0131n\u0131 daralt\u0131r ve ter\u00f6rizmin tamamen bitirmesini \u00f6nler, dedi.<\/p>\n","protected":false},"author":1,"featured_media":0,"comment_status":"closed","ping_status":"closed","sticky":false,"template":"","format":"standard","meta":{"footnotes":""},"categories":[17991],"tags":[],"class_list":["post-197584","post","type-post","status-publish","format-standard","","category-son-dakika"],"_links":{"self":[{"href":"https:\/\/archive.sana.sy\/tr\/index.php?rest_route=\/wp\/v2\/posts\/197584","targetHints":{"allow":["GET"]}}],"collection":[{"href":"https:\/\/archive.sana.sy\/tr\/index.php?rest_route=\/wp\/v2\/posts"}],"about":[{"href":"https:\/\/archive.sana.sy\/tr\/index.php?rest_route=\/wp\/v2\/types\/post"}],"author":[{"embeddable":true,"href":"https:\/\/archive.sana.sy\/tr\/index.php?rest_route=\/wp\/v2\/users\/1"}],"replies":[{"embeddable":true,"href":"https:\/\/archive.sana.sy\/tr\/index.php?rest_route=%2Fwp%2Fv2%2Fcomments&post=197584"}],"version-history":[{"count":0,"href":"https:\/\/archive.sana.sy\/tr\/index.php?rest_route=\/wp\/v2\/posts\/197584\/revisions"}],"wp:attachment":[{"href":"https:\/\/archive.sana.sy\/tr\/index.php?rest_route=%2Fwp%2Fv2%2Fmedia&parent=197584"}],"wp:term":[{"taxonomy":"category","embeddable":true,"href":"https:\/\/archive.sana.sy\/tr\/index.php?rest_route=%2Fwp%2Fv2%2Fcategories&post=197584"},{"taxonomy":"post_tag","embeddable":true,"href":"https:\/\/archive.sana.sy\/tr\/index.php?rest_route=%2Fwp%2Fv2%2Ftags&post=197584"}],"curies":[{"name":"wp","href":"https:\/\/api.w.org\/{rel}","templated":true}]}}