{"id":197708,"date":"2019-12-20T17:01:34","date_gmt":"2019-12-20T15:01:34","guid":{"rendered":"http:\/\/www.sana.sy\/tr\/?p=197708"},"modified":"2019-12-21T14:34:59","modified_gmt":"2019-12-21T12:34:59","slug":"patrik-yaziji-suriye-lubnan-ve-tum-bolgeye-baris-ve-istikrarin-donmesi-icin-dua-ediyoruz","status":"publish","type":"post","link":"https:\/\/archive.sana.sy\/tr\/?p=197708","title":{"rendered":"Patrik Yaziji: Suriye, L\u00fcbnan ve T\u00fcm B\u00f6lgeye Bar\u0131\u015f ve \u0130stikrar\u0131n D\u00f6nmesi \u0130\u00e7in Dua Ediyoruz.."},"content":{"rendered":"<p>BEYRUT \u2013 Antakya ve T\u00fcm Do\u011fu Rum Ortodox Patri\u011fi Yuhanna el Yaziji Suriye, L\u00fcbnan ve t\u00fcm b\u00f6lgeye bar\u0131\u015f ve istikrar\u0131n d\u00f6nmesi i\u00e7in umutlad\u0131\u011f\u0131n\u0131 ifade etti.<\/p>\n<p>Noel m\u00fcnasebetiyle yap\u0131lan ayinde Patrik Yaziji Suriye&#8217;de bar\u0131\u015f\u0131n ve L\u00fcbnan\u2019da istikrar\u0131n d\u00f6nmesi i\u00e7in dualar okudu.<\/p>\n<p>Patrik Yaziji verdi\u011fi vaazda; \u201cyaral\u0131 Filistin&#8217;in ve i\u015fgal alt\u0131ndaki t\u00fcm topraklar\u0131n durumu \u00f6n gayetimiz kalacak\u201d ifadelerini kulland\u0131.<\/p>\n<p>Patrik Yaziji; Halep k\u0131rsal\u0131n\u0131n kuzeyinde 7 sene \u00f6nce ter\u00f6r gruplar\u0131 taraf\u0131ndan ka\u00e7\u0131r\u0131lan \u0131\u015f\u0131\u011f\u0131ndaHalep Rum Ortodoks Pikoposu Bulos Yaziji ve Halep Ortodoks S\u00fcryani Piskoposu Yuhanna \u0130brahim\u2019in d\u00f6nmesi i\u00e7in dualar okudu.<\/p>\n<p>\u00c7eviri: P.M.<\/p>\n","protected":false},"excerpt":{"rendered":"<p>BEYRUT \u2013 Antakya ve T\u00fcm Do\u011fu Rum Ortodox Patri\u011fi Yuhanna el Yaziji Suriye, L\u00fcbnan ve t\u00fcm b\u00f6lgeye bar\u0131\u015f ve istikrar\u0131n d\u00f6nmesi i\u00e7in umutlad\u0131\u011f\u0131n\u0131 ifade etti. Noel m\u00fcnasebetiyle yap\u0131lan ayinde Patrik Yaziji Suriye&#8217;de bar\u0131\u015f\u0131n ve L\u00fcbnan\u2019da istikrar\u0131n d\u00f6nmesi i\u00e7in dualar okudu. Patrik Yaziji verdi\u011fi vaazda; \u201cyaral\u0131 Filistin&#8217;in ve i\u015fgal alt\u0131ndaki t\u00fcm topraklar\u0131n durumu \u00f6n gayetimiz kalacak\u201d &hellip;<\/p>\n","protected":false},"author":1,"featured_media":197709,"comment_status":"closed","ping_status":"closed","sticky":false,"template":"","format":"standard","meta":{"footnotes":""},"categories":[458,459,17988],"tags":[],"class_list":["post-197708","post","type-post","status-publish","format-standard","has-post-thumbnail","","category-dunya1","category-haberler-arap-uluslararasi-politika","category-son-haberler"],"_links":{"self":[{"href":"https:\/\/archive.sana.sy\/tr\/index.php?rest_route=\/wp\/v2\/posts\/197708","targetHints":{"allow":["GET"]}}],"collection":[{"href":"https:\/\/archive.sana.sy\/tr\/index.php?rest_route=\/wp\/v2\/posts"}],"about":[{"href":"https:\/\/archive.sana.sy\/tr\/index.php?rest_route=\/wp\/v2\/types\/post"}],"author":[{"embeddable":true,"href":"https:\/\/archive.sana.sy\/tr\/index.php?rest_route=\/wp\/v2\/users\/1"}],"replies":[{"embeddable":true,"href":"https:\/\/archive.sana.sy\/tr\/index.php?rest_route=%2Fwp%2Fv2%2Fcomments&post=197708"}],"version-history":[{"count":0,"href":"https:\/\/archive.sana.sy\/tr\/index.php?rest_route=\/wp\/v2\/posts\/197708\/revisions"}],"wp:featuredmedia":[{"embeddable":true,"href":"https:\/\/archive.sana.sy\/tr\/index.php?rest_route=\/wp\/v2\/media\/197709"}],"wp:attachment":[{"href":"https:\/\/archive.sana.sy\/tr\/index.php?rest_route=%2Fwp%2Fv2%2Fmedia&parent=197708"}],"wp:term":[{"taxonomy":"category","embeddable":true,"href":"https:\/\/archive.sana.sy\/tr\/index.php?rest_route=%2Fwp%2Fv2%2Fcategories&post=197708"},{"taxonomy":"post_tag","embeddable":true,"href":"https:\/\/archive.sana.sy\/tr\/index.php?rest_route=%2Fwp%2Fv2%2Ftags&post=197708"}],"curies":[{"name":"wp","href":"https:\/\/api.w.org\/{rel}","templated":true}]}}