{"id":19799,"date":"2015-01-04T01:00:47","date_gmt":"2015-01-03T23:00:47","guid":{"rendered":"http:\/\/sana.sy\/tr\/?p=19799"},"modified":"2015-01-04T16:14:45","modified_gmt":"2015-01-04T14:14:45","slug":"radikaller-ve-teror-orgutleri-cikarlarin-saglanmasinda-kirbac-olarak-kullaniyor","status":"publish","type":"post","link":"https:\/\/archive.sana.sy\/tr\/?p=19799","title":{"rendered":"Radikaller ve Ter\u00f6r \u00d6rg\u00fctleri \u00c7\u0131karlar\u0131n Sa\u011flanmas\u0131nda K\u0131rba\u00e7 Olarak Kullan\u0131yor"},"content":{"rendered":"<p>KAH\u0130RE \u2013 M\u0131s\u0131r D\u0131\u015fi\u015fleri Bakan\u0131 Samih \u015e\u00fckr\u00fc, eylem ve t\u00fcm faaliyetlerinde radikalli\u011fi ana madde olarak kullanan t\u00fcm ter\u00f6r \u00f6rg\u00fctlerin \u00e7\u0131kar ve ideolojide bir \u015febekeyi olu\u015fturduklar\u0131n\u0131, t\u00fcm\u00fcn\u00fcn de gerekti\u011finde birbirlerine maddi ve manevi destekte bulunduklar\u0131n\u0131 belirtti.<\/p>\n<p>Kahire&#8217;de \u2018Radikalli\u011fe Kar\u015f\u0131 Arap Stratejisine Do\u011fru\u2019 slogan\u0131 alt\u0131nda d\u00fczenlenen konferansta M\u0131s\u0131r D\u0131\u015fi\u015fleri Bakan\u0131 Yard\u0131mc\u0131s\u0131 Fatimat\u00fczzehra Atman \u015e\u00fckr\u00fc ad\u0131na yapt\u0131\u011f\u0131 konu\u015fmada; \u2018Arap vatan\u0131 ve k\u00fclt\u00fcr\u00fcnden uzak olan bu yabanc\u0131 radikallerin; milletleri par\u00e7alama ve halklar aras\u0131nda deh\u015fet sa\u00e7mada \u00e7\u0131kar\u0131 olan kimi taraflarca k\u0131rba\u00e7 olarak kullan\u0131ld\u0131klar\u0131n\u0131\u2019 ifade etti.<\/p>\n<p>\u015e\u00fckr\u00fc, radikallikten hareket edip \u00fclkelere ve k\u0131talara yay\u0131lan ter\u00f6r\u00fcn g\u00fcn\u00fcm\u00fczde ta\u015f\u0131d\u0131\u011f\u0131 amac\u0131n a\u00e7\u0131k ve net oldu\u011funu s\u00f6yledi.<\/p>\n<p>Bu ama\u00e7ta halklar aras\u0131nda fitne ve b\u00f6l\u00fcc\u00fcl\u00fc\u011f\u00fcn yan\u0131 s\u0131ra kaos ve \u015fiddeti yaymak oldu\u011funa dikkat \u00e7ekti. As\u0131l amac\u0131n da bunlar\u0131n arac\u0131l\u0131\u011f\u0131 ile ulusalc\u0131 ve egen devletleri halklar\u0131yla birlikte sabote etmek oldu\u011funa dikkat \u00e7eken \u015e\u00fckr\u00fc, kimi taraflar\u0131n kendi \u00e7\u0131karlar\u0131 u\u011fruna bu ter\u00f6ristlerin vas\u0131tas\u0131yla devletlerin s\u0131n\u0131rlar\u0131n\u0131 de\u011fi\u015ftirmeye \u00e7al\u0131\u015ft\u0131klar\u0131n\u0131 belirtti.<\/p>\n","protected":false},"excerpt":{"rendered":"<p>KAH\u0130RE \u2013 M\u0131s\u0131r D\u0131\u015fi\u015fleri Bakan\u0131 Samih \u015e\u00fckr\u00fc, eylem ve t\u00fcm faaliyetlerinde radikalli\u011fi ana madde olarak kullanan t\u00fcm ter\u00f6r \u00f6rg\u00fctlerin \u00e7\u0131kar ve ideolojide bir \u015febekeyi olu\u015fturduklar\u0131n\u0131, t\u00fcm\u00fcn\u00fcn de gerekti\u011finde birbirlerine maddi ve manevi destekte bulunduklar\u0131n\u0131 belirtti. Kahire&#8217;de \u2018Radikalli\u011fe Kar\u015f\u0131 Arap Stratejisine Do\u011fru\u2019 slogan\u0131 alt\u0131nda d\u00fczenlenen konferansta M\u0131s\u0131r D\u0131\u015fi\u015fleri Bakan\u0131 Yard\u0131mc\u0131s\u0131 Fatimat\u00fczzehra Atman \u015e\u00fckr\u00fc ad\u0131na yapt\u0131\u011f\u0131 konu\u015fmada; &hellip;<\/p>\n","protected":false},"author":1,"featured_media":19800,"comment_status":"closed","ping_status":"closed","sticky":false,"template":"","format":"standard","meta":{"footnotes":""},"categories":[458,459,447],"tags":[9434,9437,9433,9436,9435],"class_list":["post-19799","post","type-post","status-publish","format-standard","has-post-thumbnail","","category-dunya1","category-haberler-arap-uluslararasi-politika","category-politika","tag-eylem-ve-tum-faaliyetlerinde-radikalligi-ana-madde-olarak-kullanan-tum-teror-orgutlerin-cikar-ve-ideolojide-bir-sebekeyi-olusturduklarini","tag-kimi-taraflarin-kendi-cikarlari-ugruna-bu-teroristlerin-vasitasiyla-devletlerin-sinirlarini-degistirmeye-calistiklarini-belirtti","tag-radikaller-ve-teror-orgutleri-cikarlarin-saglanmasinda-kirbac-olarak-kullaniyor-kahire-misir-disisleri-bakani-samih-sukru","tag-radikallikten-hareket-edip-ulkelere-ve-kitalara-yayilan-terorun-gunumuzde-tasidigi-amacin-acik-ve-net-oldugunu-soyledi-bu-amacta-halklar-arasinda-fitne-ve-boluculugun-yani-sira-kaos-ve-siddeti-yaymak","tag-tumunun-de-gerektiginde-birbirlerine-maddi-ve-manevi-destekte-bulunduklarini-belirtti-kahirede-radikallige-karsi-arap-stratejisine-dogru-slogani-altinda-duzenlenen-konferansta-misi"],"_links":{"self":[{"href":"https:\/\/archive.sana.sy\/tr\/index.php?rest_route=\/wp\/v2\/posts\/19799","targetHints":{"allow":["GET"]}}],"collection":[{"href":"https:\/\/archive.sana.sy\/tr\/index.php?rest_route=\/wp\/v2\/posts"}],"about":[{"href":"https:\/\/archive.sana.sy\/tr\/index.php?rest_route=\/wp\/v2\/types\/post"}],"author":[{"embeddable":true,"href":"https:\/\/archive.sana.sy\/tr\/index.php?rest_route=\/wp\/v2\/users\/1"}],"replies":[{"embeddable":true,"href":"https:\/\/archive.sana.sy\/tr\/index.php?rest_route=%2Fwp%2Fv2%2Fcomments&post=19799"}],"version-history":[{"count":0,"href":"https:\/\/archive.sana.sy\/tr\/index.php?rest_route=\/wp\/v2\/posts\/19799\/revisions"}],"wp:featuredmedia":[{"embeddable":true,"href":"https:\/\/archive.sana.sy\/tr\/index.php?rest_route=\/wp\/v2\/media\/19800"}],"wp:attachment":[{"href":"https:\/\/archive.sana.sy\/tr\/index.php?rest_route=%2Fwp%2Fv2%2Fmedia&parent=19799"}],"wp:term":[{"taxonomy":"category","embeddable":true,"href":"https:\/\/archive.sana.sy\/tr\/index.php?rest_route=%2Fwp%2Fv2%2Fcategories&post=19799"},{"taxonomy":"post_tag","embeddable":true,"href":"https:\/\/archive.sana.sy\/tr\/index.php?rest_route=%2Fwp%2Fv2%2Ftags&post=19799"}],"curies":[{"name":"wp","href":"https:\/\/api.w.org\/{rel}","templated":true}]}}