{"id":19815,"date":"2015-01-04T20:53:33","date_gmt":"2015-01-04T18:53:33","guid":{"rendered":"http:\/\/sana.sy\/tr\/?p=19815"},"modified":"2015-01-04T20:53:33","modified_gmt":"2015-01-04T18:53:33","slug":"hilal-suriye-her-zaman-diyalog-ve-siyasi-cozum-cagrisi-yapti","status":"publish","type":"post","link":"https:\/\/archive.sana.sy\/tr\/?p=19815","title":{"rendered":"Hilal: Suriye Her Zaman Diyalog ve Siyasi \u00c7\u00f6z\u00fcm \u00c7a\u011fr\u0131s\u0131 Yapt\u0131"},"content":{"rendered":"<p><em><strong>\u015eAM \u2013 Arap Sosyalist Baas Partisi<\/strong><\/em>\u00a0\u015eam B\u00fcrosunun, bug\u00fcn d\u00fczenledi\u011fi y\u0131ll\u0131k kongrede, kamu sekt\u00f6r\u00fcnde reform yap\u0131lmas\u0131 ve \u00f6zel sekt\u00f6re \u00f6nem verilmesi gere\u011fi ifade edildi.<\/p>\n<p>Olumlu m\u00fcdahale kurumlar\u0131n\u0131n aktifle\u015ftirilmesi \u00e7a\u011fr\u0131s\u0131nda bulunulan kongrede, yeni neslin e\u011fitim ve \u00f6\u011fretimine b\u00fcy\u00fck bir \u00f6nem verilmesi gere\u011fi vurguland\u0131.<\/p>\n<p><em><strong><a href=\"http:\/\/sana.sy\/tr\/wp-content\/uploads\/2015\/01\/Helal-1.jpg\"><img loading=\"lazy\" decoding=\"async\" class=\"alignright wp-image-19817 size-medium\" src=\"http:\/\/sana.sy\/tr\/wp-content\/uploads\/2015\/01\/Helal-1-300x177.jpg\" alt=\"Helal 1\" width=\"300\" height=\"177\" srcset=\"https:\/\/archive.sana.sy\/tr\/wp-content\/uploads\/2015\/01\/Helal-1-300x177.jpg 300w, https:\/\/archive.sana.sy\/tr\/wp-content\/uploads\/2015\/01\/Helal-1-150x88.jpg 150w, https:\/\/archive.sana.sy\/tr\/wp-content\/uploads\/2015\/01\/Helal-1-1024x604.jpg 1024w\" sizes=\"auto, (max-width: 300px) 100vw, 300px\" \/><\/a>Baas<\/strong><\/em>\u00a0Partisi Ulusal Y\u00f6netim Genel Sekreter Yard\u0131mc\u0131s\u0131 Hilal el Hilal\u00a0kongrede yapt\u0131\u011f\u0131 konu\u015fmada, kamu sekt\u00f6r\u00fcnde reformun \u00f6nemine dikkat \u00e7ekerek kamu \u00e7\u0131karlar\u0131n\u0131n her zaman \u00f6zel \u00e7\u0131karlar\u0131n \u00fcst\u00fcnde tutulmas\u0131 gere\u011fini ibraz etti.<\/p>\n<p>Hilal; Suriye\u2019nin krizin ba\u015flad\u0131\u011f\u0131 ilk g\u00fcnden itibaren her zaman ulusal diyalog ve siyasi \u00e7\u00f6z\u00fcm \u00e7a\u011fr\u0131s\u0131 yapt\u0131\u011f\u0131n\u0131n alt\u0131n\u0131 \u00e7izdi.<\/p>\n<p>Elektrik Bakan\u0131 Himad Hamis ise \u015eam\u2019da farkl\u0131 kurumlar aras\u0131ndaki b\u00fct\u00fcnl\u00fckl\u00fc \u00e7al\u0131\u015fmalar\u0131n olumlu sonu\u00e7lar\u0131na de\u011finerek elektrik sekt\u00f6r\u00fcn\u00fcn ter\u00f6r taraf\u0131ndan hedef al\u0131nan ilk sekt\u00f6rler aras\u0131nda yer ald\u0131\u011f\u0131n\u0131 ve ter\u00f6r sald\u0131r\u0131lar\u0131 sonucu ald\u0131\u011f\u0131 b\u00fcy\u00fck hasara ra\u011fmen elektrik sekt\u00f6r\u00fcn\u00fcn k\u0131sa bir s\u00fcrede toparlanmay\u0131 ba\u015fard\u0131\u011f\u0131n\u0131 ifade etti.<\/p>\n<p>&nbsp;<\/p>\n","protected":false},"excerpt":{"rendered":"<p>\u015eAM \u2013 Arap Sosyalist Baas Partisi\u00a0\u015eam B\u00fcrosunun, bug\u00fcn d\u00fczenledi\u011fi y\u0131ll\u0131k kongrede, kamu sekt\u00f6r\u00fcnde reform yap\u0131lmas\u0131 ve \u00f6zel sekt\u00f6re \u00f6nem verilmesi gere\u011fi ifade edildi. Olumlu m\u00fcdahale kurumlar\u0131n\u0131n aktifle\u015ftirilmesi \u00e7a\u011fr\u0131s\u0131nda bulunulan kongrede, yeni neslin e\u011fitim ve \u00f6\u011fretimine b\u00fcy\u00fck bir \u00f6nem verilmesi gere\u011fi vurguland\u0131. Baas\u00a0Partisi Ulusal Y\u00f6netim Genel Sekreter Yard\u0131mc\u0131s\u0131 Hilal el Hilal\u00a0kongrede yapt\u0131\u011f\u0131 konu\u015fmada, kamu sekt\u00f6r\u00fcnde reformun &hellip;<\/p>\n","protected":false},"author":1,"featured_media":19816,"comment_status":"closed","ping_status":"closed","sticky":false,"template":"","format":"standard","meta":{"footnotes":""},"categories":[479,478],"tags":[9451,9450,9452,9454,9453],"class_list":["post-19815","post","type-post","status-publish","format-standard","has-post-thumbnail","","category-haberler-yerel","category-yerel","tag-bugun-duzenledigi-yillik-kongrede","tag-hilal-suriye-her-zaman-diyalog-ve-siyasi-cozum-cagrisi-yapti-sam-arap-sosyalist-baas-partisi-sam-burosunun","tag-kamu-sektorunde-reform-yapilmasi-ve-ozel-sektore-onem-verilmesi-geregi-ifade-edildi-olumlu-mudahale-kurumlarinin-aktiflestirilmesi-cagrisinda-bulunulan-kongrede","tag-kamu-sektorunde-reformun-onemine-dikkat-cekerek-kamu-cikarlarinin-her-zaman-ozel-cikarlarin-ustunde-tutulmasi-geregini-ibraz-etti-hilal-suriyenin-krizin-basladigi-ilk-gunden-itibaren-her-za","tag-yeni-neslin-egitim-ve-ogretimine-buyuk-bir-onem-verilmesi-geregi-vurgulandi-baas-partisi-ulusal-yonetim-genel-sekreter-yardimcisi-hilal-el-hilal-kongrede-yaptigi-konusmada"],"_links":{"self":[{"href":"https:\/\/archive.sana.sy\/tr\/index.php?rest_route=\/wp\/v2\/posts\/19815","targetHints":{"allow":["GET"]}}],"collection":[{"href":"https:\/\/archive.sana.sy\/tr\/index.php?rest_route=\/wp\/v2\/posts"}],"about":[{"href":"https:\/\/archive.sana.sy\/tr\/index.php?rest_route=\/wp\/v2\/types\/post"}],"author":[{"embeddable":true,"href":"https:\/\/archive.sana.sy\/tr\/index.php?rest_route=\/wp\/v2\/users\/1"}],"replies":[{"embeddable":true,"href":"https:\/\/archive.sana.sy\/tr\/index.php?rest_route=%2Fwp%2Fv2%2Fcomments&post=19815"}],"version-history":[{"count":0,"href":"https:\/\/archive.sana.sy\/tr\/index.php?rest_route=\/wp\/v2\/posts\/19815\/revisions"}],"wp:featuredmedia":[{"embeddable":true,"href":"https:\/\/archive.sana.sy\/tr\/index.php?rest_route=\/wp\/v2\/media\/19816"}],"wp:attachment":[{"href":"https:\/\/archive.sana.sy\/tr\/index.php?rest_route=%2Fwp%2Fv2%2Fmedia&parent=19815"}],"wp:term":[{"taxonomy":"category","embeddable":true,"href":"https:\/\/archive.sana.sy\/tr\/index.php?rest_route=%2Fwp%2Fv2%2Fcategories&post=19815"},{"taxonomy":"post_tag","embeddable":true,"href":"https:\/\/archive.sana.sy\/tr\/index.php?rest_route=%2Fwp%2Fv2%2Ftags&post=19815"}],"curies":[{"name":"wp","href":"https:\/\/api.w.org\/{rel}","templated":true}]}}