{"id":19891,"date":"2015-01-05T15:22:03","date_gmt":"2015-01-05T13:22:03","guid":{"rendered":"http:\/\/sana.sy\/tr\/?p=19891"},"modified":"2015-01-06T11:31:11","modified_gmt":"2015-01-06T09:31:11","slug":"tartusta-universite-aciliyor","status":"publish","type":"post","link":"https:\/\/archive.sana.sy\/tr\/?p=19891","title":{"rendered":"Tartus\u2019ta \u00dcniversite A\u00e7\u0131l\u0131yor"},"content":{"rendered":"<p>\u015eAM \u2013 Cumhurba\u015fkan\u0131 Be\u015f\u015far el Esad bug\u00fcn merkezi Tartus Kentinde Tartus \u00dcniversitesinin a\u00e7\u0131lmas\u0131n\u0131 \u00f6ng\u00f6ren 2015\/2 say\u0131l\u0131 yasama karar\u0131n\u0131 onaylad\u0131.<\/p>\n<p>Yasama karar\u0131 kapsam\u0131nda yeni kurulacak Tartus \u00dcniversitesinde t\u0131p, e\u011fitim, iktisat, edebiyat ve insani bilimler, eczac\u0131l\u0131k, teknik m\u00fchendislik, ileti\u015fim ve bili\u015fim m\u00fchendisli\u011fi, turizm ve fen fak\u00fclteleri yer alacak.<\/p>\n","protected":false},"excerpt":{"rendered":"<p>\u015eAM \u2013 Cumhurba\u015fkan\u0131 Be\u015f\u015far el Esad bug\u00fcn merkezi Tartus Kentinde Tartus \u00dcniversitesinin a\u00e7\u0131lmas\u0131n\u0131 \u00f6ng\u00f6ren 2015\/2 say\u0131l\u0131 yasama karar\u0131n\u0131 onaylad\u0131. Yasama karar\u0131 kapsam\u0131nda yeni kurulacak Tartus \u00dcniversitesinde t\u0131p, e\u011fitim, iktisat, edebiyat ve insani bilimler, eczac\u0131l\u0131k, teknik m\u00fchendislik, ileti\u015fim ve bili\u015fim m\u00fchendisli\u011fi, turizm ve fen fak\u00fclteleri yer alacak.<\/p>\n","protected":false},"author":1,"featured_media":4185,"comment_status":"closed","ping_status":"closed","sticky":false,"template":"","format":"standard","meta":{"footnotes":""},"categories":[605,612,599],"tags":[9498,9497,3498,9496,9500,9495,9499,9501],"class_list":["post-19891","post","type-post","status-publish","format-standard","has-post-thumbnail","","category-sayin-cumhurbaskani","category-yasama-kararnameler","category-yasama-ve-kanunlar","tag-eczacilik","tag-edebiyat-ve-insani-bilimler","tag-egitim","tag-iktisat","tag-iletisim-ve-bilisim-muhendisligi","tag-tartusta-universite-aciliyor-sam-cumhurbaskani-bessar-el-esad-bugun-merkezi-tartus-kentinde-tartus-universitesinin-acilmasini-ongoren-20152-sayili-yasama-kararini-onayladi-yasama","tag-teknik-muhendislik","tag-turizm-ve-fen-fakulteleri-yer-alacak"],"_links":{"self":[{"href":"https:\/\/archive.sana.sy\/tr\/index.php?rest_route=\/wp\/v2\/posts\/19891","targetHints":{"allow":["GET"]}}],"collection":[{"href":"https:\/\/archive.sana.sy\/tr\/index.php?rest_route=\/wp\/v2\/posts"}],"about":[{"href":"https:\/\/archive.sana.sy\/tr\/index.php?rest_route=\/wp\/v2\/types\/post"}],"author":[{"embeddable":true,"href":"https:\/\/archive.sana.sy\/tr\/index.php?rest_route=\/wp\/v2\/users\/1"}],"replies":[{"embeddable":true,"href":"https:\/\/archive.sana.sy\/tr\/index.php?rest_route=%2Fwp%2Fv2%2Fcomments&post=19891"}],"version-history":[{"count":0,"href":"https:\/\/archive.sana.sy\/tr\/index.php?rest_route=\/wp\/v2\/posts\/19891\/revisions"}],"wp:featuredmedia":[{"embeddable":true,"href":"https:\/\/archive.sana.sy\/tr\/index.php?rest_route=\/wp\/v2\/media\/4185"}],"wp:attachment":[{"href":"https:\/\/archive.sana.sy\/tr\/index.php?rest_route=%2Fwp%2Fv2%2Fmedia&parent=19891"}],"wp:term":[{"taxonomy":"category","embeddable":true,"href":"https:\/\/archive.sana.sy\/tr\/index.php?rest_route=%2Fwp%2Fv2%2Fcategories&post=19891"},{"taxonomy":"post_tag","embeddable":true,"href":"https:\/\/archive.sana.sy\/tr\/index.php?rest_route=%2Fwp%2Fv2%2Ftags&post=19891"}],"curies":[{"name":"wp","href":"https:\/\/api.w.org\/{rel}","templated":true}]}}