{"id":19899,"date":"2015-01-05T17:12:32","date_gmt":"2015-01-05T15:12:32","guid":{"rendered":"http:\/\/sana.sy\/tr\/?p=19899"},"modified":"2015-01-05T17:12:32","modified_gmt":"2015-01-05T15:12:32","slug":"zoubi-alinan-ortak-kararlar-suriye-halkinin-direnisini-pekistirecek","status":"publish","type":"post","link":"https:\/\/archive.sana.sy\/tr\/?p=19899","title":{"rendered":"Zoubi: Al\u0131nan Ortak Kararlar Suriye Halk\u0131n\u0131n Direni\u015fini Peki\u015ftirecek"},"content":{"rendered":"<p>\u015eAM \u2013 Suriyeli ve \u0130ranl\u0131 taraflar aras\u0131ndaki Ticaret Ekonomi ve Sanat g\u00f6r\u00fc\u015fmeleri kat\u0131l\u0131mc\u0131lar\u0131 bug\u00fcnk\u00fc oturumlar\u0131nda ziraat, sanayi, sa\u011fl\u0131k, petrol, elektrik enerjisi ve konut projeleriyle ilgili iki \u00fclke aras\u0131ndaki ekonomi ve ticaret ili\u015fkilerini tart\u0131\u015ft\u0131lar.<\/p>\n<p><a href=\"http:\/\/sana.sy\/tr\/wp-content\/uploads\/2015\/01\/Zoubi-1.jpg\"><img loading=\"lazy\" decoding=\"async\" class=\"alignright wp-image-19901 size-medium\" src=\"http:\/\/sana.sy\/tr\/wp-content\/uploads\/2015\/01\/Zoubi-1-300x177.jpg\" alt=\"Zoubi 1\" width=\"300\" height=\"177\" srcset=\"https:\/\/archive.sana.sy\/tr\/wp-content\/uploads\/2015\/01\/Zoubi-1-300x177.jpg 300w, https:\/\/archive.sana.sy\/tr\/wp-content\/uploads\/2015\/01\/Zoubi-1-150x88.jpg 150w, https:\/\/archive.sana.sy\/tr\/wp-content\/uploads\/2015\/01\/Zoubi-1-1024x602.jpg 1024w\" sizes=\"auto, (max-width: 300px) 100vw, 300px\" \/><\/a>Ba\u015fbakanl\u0131k Genel Sekreteri Teysir el Zoubi ve \u0130ran Heyetinden R\u00fcstem el Kasimi ba\u015fkanl\u0131\u011f\u0131nda d\u00fczenlenen oturumda Suriye taraf\u0131 \u0130ranl\u0131 i\u015fadamlar\u0131n\u0131n dahil olmas\u0131 m\u00fcmk\u00fcn olan baz\u0131 ekonomi ve hizmet projelerine ili\u015fkin bir sunum yapt\u0131.<\/p>\n<p>Ba\u015fbakanl\u0131k Genel Sekreteri el Zoubi toplant\u0131da yapt\u0131\u011f\u0131 konu\u015fmada Suriye ve \u0130ran aras\u0131nda s\u00fcrd\u00fcr\u00fclen g\u00f6r\u00fc\u015fmelerin bu s\u00fcre\u00e7te daha b\u00fcy\u00fck bir \u00f6nem kazand\u0131\u011f\u0131na i\u015faret ederek g\u00f6r\u00fc\u015fmelerde al\u0131nan ortak kararlar\u0131n Suriye halk\u0131n\u0131n ter\u00f6re kar\u015f\u0131 direni\u015fini peki\u015ftirece\u011finin alt\u0131n\u0131 \u00e7izdi.<\/p>\n<p>&nbsp;<\/p>\n","protected":false},"excerpt":{"rendered":"<p>\u015eAM \u2013 Suriyeli ve \u0130ranl\u0131 taraflar aras\u0131ndaki Ticaret Ekonomi ve Sanat g\u00f6r\u00fc\u015fmeleri kat\u0131l\u0131mc\u0131lar\u0131 bug\u00fcnk\u00fc oturumlar\u0131nda ziraat, sanayi, sa\u011fl\u0131k, petrol, elektrik enerjisi ve konut projeleriyle ilgili iki \u00fclke aras\u0131ndaki ekonomi ve ticaret ili\u015fkilerini tart\u0131\u015ft\u0131lar. Ba\u015fbakanl\u0131k Genel Sekreteri Teysir el Zoubi ve \u0130ran Heyetinden R\u00fcstem el Kasimi ba\u015fkanl\u0131\u011f\u0131nda d\u00fczenlenen oturumda Suriye taraf\u0131 \u0130ranl\u0131 i\u015fadamlar\u0131n\u0131n dahil olmas\u0131 m\u00fcmk\u00fcn &hellip;<\/p>\n","protected":false},"author":1,"featured_media":19900,"comment_status":"closed","ping_status":"closed","sticky":false,"template":"","format":"standard","meta":{"footnotes":""},"categories":[485,479,486,478],"tags":[9517,4099,16595,4306,9516],"class_list":["post-19899","post","type-post","status-publish","format-standard","has-post-thumbnail","","category-is-ve-sermaye","category-haberler-yerel","category-haberler-is-ve-sermaye","category-yerel","tag-elektrik-enerjisi-ve-konut-projeleriyle-ilgili-iki-ulke-arasindaki-ekonomi-ve-ticaret-iliskilerini-tartistilar-basbakanlik-genel-sekreteri-teysir-el-zoubi-ve-iran-heyetinden-rustem-el-kasimi-baskanli","tag-petrol","tag-saglik","tag-sanayi","tag-zoubi-alinan-ortak-kararlar-suriye-halkinin-direnisini-pekistirecek-sam-suriyeli-ve-iranli-taraflar-arasindaki-ticaret-ekonomi-ve-sanat-gorusmeleri-katilimcilari-bugunku-oturumlarinda-ziraa"],"_links":{"self":[{"href":"https:\/\/archive.sana.sy\/tr\/index.php?rest_route=\/wp\/v2\/posts\/19899","targetHints":{"allow":["GET"]}}],"collection":[{"href":"https:\/\/archive.sana.sy\/tr\/index.php?rest_route=\/wp\/v2\/posts"}],"about":[{"href":"https:\/\/archive.sana.sy\/tr\/index.php?rest_route=\/wp\/v2\/types\/post"}],"author":[{"embeddable":true,"href":"https:\/\/archive.sana.sy\/tr\/index.php?rest_route=\/wp\/v2\/users\/1"}],"replies":[{"embeddable":true,"href":"https:\/\/archive.sana.sy\/tr\/index.php?rest_route=%2Fwp%2Fv2%2Fcomments&post=19899"}],"version-history":[{"count":0,"href":"https:\/\/archive.sana.sy\/tr\/index.php?rest_route=\/wp\/v2\/posts\/19899\/revisions"}],"wp:featuredmedia":[{"embeddable":true,"href":"https:\/\/archive.sana.sy\/tr\/index.php?rest_route=\/wp\/v2\/media\/19900"}],"wp:attachment":[{"href":"https:\/\/archive.sana.sy\/tr\/index.php?rest_route=%2Fwp%2Fv2%2Fmedia&parent=19899"}],"wp:term":[{"taxonomy":"category","embeddable":true,"href":"https:\/\/archive.sana.sy\/tr\/index.php?rest_route=%2Fwp%2Fv2%2Fcategories&post=19899"},{"taxonomy":"post_tag","embeddable":true,"href":"https:\/\/archive.sana.sy\/tr\/index.php?rest_route=%2Fwp%2Fv2%2Ftags&post=19899"}],"curies":[{"name":"wp","href":"https:\/\/api.w.org\/{rel}","templated":true}]}}