{"id":199063,"date":"2020-01-03T12:30:57","date_gmt":"2020-01-03T10:30:57","guid":{"rendered":"http:\/\/www.sana.sy\/tr\/?p=199063"},"modified":"2020-01-04T14:14:04","modified_gmt":"2020-01-04T12:14:04","slug":"nasraullah-katil-amerika-bu-cinayetten-hedeflerine-ulasamayacak","status":"publish","type":"post","link":"https:\/\/archive.sana.sy\/tr\/?p=199063","title":{"rendered":"Nasrullah: Katil Amerika\u2019dan Adil K\u0131sas D\u00fcnya Direni\u015fin Y\u00fck\u00fcml\u00fcl\u00fc\u011f\u00fcd\u00fcr"},"content":{"rendered":"<p>BEYRUT &#8211; Hizbullah Genel Sekreteri Seyyid Hasan Nasrullah, T\u00fcmgeneral Kas\u0131m S\u00fcleymani\u2019nin katillerinden adil k\u0131sas\u0131n d\u00fcnya \u00e7ap\u0131nda b\u00fct\u00fcn direni\u015f\u00e7ilerin y\u00fck\u00fcml\u00fcl\u00fc\u011f\u00fc oldu\u011funu vurgulad\u0131.<\/p>\n<p>Nasrullah, Katil Amerikal\u0131lar\u0131n i\u015fbu cinayetinden hi\u00e7bir hedefe ula\u015famayacaklar\u0131na i\u015faret etti.Bug\u00fcn yay\u0131mlad\u0131\u011f\u0131 beyanda Nasraullah, direni\u015f ekseninin yoluna devam edece\u011fini, zaferleri de b\u00fct\u00fcn meydan ve cephelerde b\u00fcy\u00fcyece\u011fini ve d\u00fcnyan\u0131n en k\u00f6t\u00fc m\u00fccrimlerinden adil k\u0131sas alman\u0131n d\u00fcnya \u00e7ap\u0131ndaki b\u00fct\u00fcn direni\u015f\u00e7ilerin sorumlulu\u011fu oldu\u011funu vurgulad\u0131.<\/p>\n<p>Nasrullah, katil Amerikal\u0131lar\u0131n i\u015fbu b\u00fcy\u00fck cinayetinden hi\u00e7bir hedefe ula\u015famayacaklar\u0131na i\u015faret ederken, despot ve zalimlere boyun e\u011fmeyen \u00fcmmetimiz halklar\u0131n\u0131n b\u00fct\u00fcn hedeflerinin ger\u00e7ekle\u015fece\u011fini belirtti.<\/p>\n<p>Nasrullah, Irakl\u0131 Ha\u015fdi \u015fabi Kurulu Ba\u015fkan Yard\u0131mc\u0131s\u0131 Abu Mehdi el M\u00fchendis\u2019in \u015fehit edilmesinin de, Irak halk\u0131 ve direni\u015f gruplar\u0131\u2019n\u0131n ba\u011f\u0131ms\u0131z, g\u00fc\u00e7l\u00fc, bay\u0131nd\u0131r\u0131lm\u0131\u015f ve ter\u00f6r ve i\u015fgalden ar\u0131nd\u0131r\u0131lm\u0131\u015f bir Irak i\u00e7in, hedef ve umutlar\u0131n\u0131 ger\u00e7ekle\u015ftirmelerine motivasyon te\u015fkil etti\u011fini s\u00f6yledi..<\/p>\n<p>#Kumeyt_Yusuf ve S.\u015e.<\/p>\n","protected":false},"excerpt":{"rendered":"<p>BEYRUT &#8211; Hizbullah Genel Sekreteri Seyyid Hasan Nasrullah, T\u00fcmgeneral Kas\u0131m S\u00fcleymani\u2019nin katillerinden adil k\u0131sas\u0131n d\u00fcnya \u00e7ap\u0131nda b\u00fct\u00fcn direni\u015f\u00e7ilerin y\u00fck\u00fcml\u00fcl\u00fc\u011f\u00fc oldu\u011funu vurgulad\u0131. Nasrullah, Katil Amerikal\u0131lar\u0131n i\u015fbu cinayetinden hi\u00e7bir hedefe ula\u015famayacaklar\u0131na i\u015faret etti.Bug\u00fcn yay\u0131mlad\u0131\u011f\u0131 beyanda Nasraullah, direni\u015f ekseninin yoluna devam edece\u011fini, zaferleri de b\u00fct\u00fcn meydan ve cephelerde b\u00fcy\u00fcyece\u011fini ve d\u00fcnyan\u0131n en k\u00f6t\u00fc m\u00fccrimlerinden adil k\u0131sas alman\u0131n d\u00fcnya &hellip;<\/p>\n","protected":false},"author":1,"featured_media":199064,"comment_status":"closed","ping_status":"closed","sticky":false,"template":"","format":"standard","meta":{"footnotes":""},"categories":[458,459,17988],"tags":[],"class_list":["post-199063","post","type-post","status-publish","format-standard","has-post-thumbnail","","category-dunya1","category-haberler-arap-uluslararasi-politika","category-son-haberler"],"_links":{"self":[{"href":"https:\/\/archive.sana.sy\/tr\/index.php?rest_route=\/wp\/v2\/posts\/199063","targetHints":{"allow":["GET"]}}],"collection":[{"href":"https:\/\/archive.sana.sy\/tr\/index.php?rest_route=\/wp\/v2\/posts"}],"about":[{"href":"https:\/\/archive.sana.sy\/tr\/index.php?rest_route=\/wp\/v2\/types\/post"}],"author":[{"embeddable":true,"href":"https:\/\/archive.sana.sy\/tr\/index.php?rest_route=\/wp\/v2\/users\/1"}],"replies":[{"embeddable":true,"href":"https:\/\/archive.sana.sy\/tr\/index.php?rest_route=%2Fwp%2Fv2%2Fcomments&post=199063"}],"version-history":[{"count":0,"href":"https:\/\/archive.sana.sy\/tr\/index.php?rest_route=\/wp\/v2\/posts\/199063\/revisions"}],"wp:featuredmedia":[{"embeddable":true,"href":"https:\/\/archive.sana.sy\/tr\/index.php?rest_route=\/wp\/v2\/media\/199064"}],"wp:attachment":[{"href":"https:\/\/archive.sana.sy\/tr\/index.php?rest_route=%2Fwp%2Fv2%2Fmedia&parent=199063"}],"wp:term":[{"taxonomy":"category","embeddable":true,"href":"https:\/\/archive.sana.sy\/tr\/index.php?rest_route=%2Fwp%2Fv2%2Fcategories&post=199063"},{"taxonomy":"post_tag","embeddable":true,"href":"https:\/\/archive.sana.sy\/tr\/index.php?rest_route=%2Fwp%2Fv2%2Ftags&post=199063"}],"curies":[{"name":"wp","href":"https:\/\/api.w.org\/{rel}","templated":true}]}}