{"id":199075,"date":"2020-01-03T14:47:25","date_gmt":"2020-01-03T12:47:25","guid":{"rendered":"http:\/\/www.sana.sy\/tr\/?p=199075"},"modified":"2023-06-14T14:08:25","modified_gmt":"2023-06-14T11:08:25","slug":"lubnan-disisleri-bakanligi-abdin-gerceklestirdigi-kasem-suleymani-ve-ebu-mehdi-el-muhendisin-suikasti-kinadi","status":"publish","type":"post","link":"https:\/\/archive.sana.sy\/tr\/?p=199075","title":{"rendered":"L\u00fcbnan D\u0131\u015fi\u015fleri Bakanl\u0131\u011f\u0131 ABD\u2019in ger\u00e7ekle\u015ftirdi\u011fi Kasem S\u00fcleymani ve Ebu Mehdi el Muhendis\u2019in suikast\u0131 k\u0131nad\u0131"},"content":{"rendered":"<p>L\u00fcbnan D\u0131\u015fi\u015fleri Bakanl\u0131\u011f\u0131 ABD\u2019in ger\u00e7ekle\u015ftirdi\u011fi Kasem S\u00fcleymani ve Ebu Mehdi el Muhendis\u2019in suikast\u0131 k\u0131nad\u0131<\/p>\n","protected":false},"excerpt":{"rendered":"<p>L\u00fcbnan D\u0131\u015fi\u015fleri Bakanl\u0131\u011f\u0131 ABD\u2019in ger\u00e7ekle\u015ftirdi\u011fi Kasem S\u00fcleymani ve Ebu Mehdi el Muhendis\u2019in suikast\u0131 k\u0131nad\u0131<\/p>\n","protected":false},"author":1,"featured_media":0,"comment_status":"closed","ping_status":"closed","sticky":false,"template":"","format":"standard","meta":{"footnotes":""},"categories":[17991],"tags":[],"class_list":["post-199075","post","type-post","status-publish","format-standard","","category-son-dakika"],"_links":{"self":[{"href":"https:\/\/archive.sana.sy\/tr\/index.php?rest_route=\/wp\/v2\/posts\/199075","targetHints":{"allow":["GET"]}}],"collection":[{"href":"https:\/\/archive.sana.sy\/tr\/index.php?rest_route=\/wp\/v2\/posts"}],"about":[{"href":"https:\/\/archive.sana.sy\/tr\/index.php?rest_route=\/wp\/v2\/types\/post"}],"author":[{"embeddable":true,"href":"https:\/\/archive.sana.sy\/tr\/index.php?rest_route=\/wp\/v2\/users\/1"}],"replies":[{"embeddable":true,"href":"https:\/\/archive.sana.sy\/tr\/index.php?rest_route=%2Fwp%2Fv2%2Fcomments&post=199075"}],"version-history":[{"count":0,"href":"https:\/\/archive.sana.sy\/tr\/index.php?rest_route=\/wp\/v2\/posts\/199075\/revisions"}],"wp:attachment":[{"href":"https:\/\/archive.sana.sy\/tr\/index.php?rest_route=%2Fwp%2Fv2%2Fmedia&parent=199075"}],"wp:term":[{"taxonomy":"category","embeddable":true,"href":"https:\/\/archive.sana.sy\/tr\/index.php?rest_route=%2Fwp%2Fv2%2Fcategories&post=199075"},{"taxonomy":"post_tag","embeddable":true,"href":"https:\/\/archive.sana.sy\/tr\/index.php?rest_route=%2Fwp%2Fv2%2Ftags&post=199075"}],"curies":[{"name":"wp","href":"https:\/\/api.w.org\/{rel}","templated":true}]}}