{"id":199088,"date":"2020-01-03T12:31:45","date_gmt":"2020-01-03T10:31:45","guid":{"rendered":"http:\/\/www.sana.sy\/tr\/?p=199088"},"modified":"2020-01-04T14:14:24","modified_gmt":"2020-01-04T12:14:24","slug":"iranda-abd-saldirganligini-kinama-protestolarina-katilanlar-suleymaninin-suikasti-abd-tehditlerini-karsilik-verme-kararliligimizi-guclendirecek","status":"publish","type":"post","link":"https:\/\/archive.sana.sy\/tr\/?p=199088","title":{"rendered":"S\u00fcleymani Suikasti ABD Tehditlerine Kar\u015f\u0131l\u0131k Verme Kararl\u0131l\u0131\u011f\u0131m\u0131z\u0131 G\u00fc\u00e7lendirecek"},"content":{"rendered":"<p>TAHRAN &#8211; \u0130ran\u2019\u0131n farkl\u0131 \u015fehirlerinde bug\u00fcn, \u0130ranl\u0131 T\u00fcmgeneral Kas\u0131m S\u00fcleymani ve Ha\u015fdi \u015eabi Heyet Ba\u015fkan Yard\u0131mc\u0131s\u0131 Ebu Mehdi el M\u00fchendis\u2019i suikastle \u015fehit eden ABD\u2019nin ger\u00e7ekle\u015ftirdi\u011fi sald\u0131r\u0131y\u0131 k\u0131nayan protesto g\u00f6sterileri yer ald\u0131.<\/p>\n<p>\u0130ran ba\u015fkenti Tahran yan\u0131 s\u0131ra, Tebriz, Bircent ve Kerman\u2019da d\u00fczenlenen protesto g\u00f6sterilerine kat\u0131lanlar; ABD sald\u0131rganl\u0131\u011f\u0131n\u0131 k\u0131nayan sloganlar atarken, bu al\u00e7ak eyleme a\u011f\u0131r ve sert bir \u015fekilde kar\u015f\u0131l\u0131k verme s\u00f6z\u00fc verdi.<\/p>\n<p>\u0130ran \u0130slam Devrimi Lideri \u0130mam Seyyid Ali Haminei daha erken saatlerde bug\u00fcn, ABD\u2019nin ger\u00e7ekle\u015ftirdi\u011fi bu sald\u0131rganl\u0131\u011fa kar\u015f\u0131 a\u011f\u0131r bir \u015fekilde cevap verilece\u011fini ilan etmi\u015fti.<\/p>\n<p>\u00c7eviri: P.M.<\/p>\n<div id='gallery-1' class='gallery galleryid-199088 gallery-columns-1 gallery-size-full'><figure class='gallery-item'>\n\t\t\t<div class='gallery-icon landscape'>\n\t\t\t\t<a href='https:\/\/archive.sana.sy\/tr\/wp-content\/uploads\/2020\/01\/2-25.jpg'><img loading=\"lazy\" decoding=\"async\" width=\"660\" height=\"440\" src=\"https:\/\/archive.sana.sy\/tr\/wp-content\/uploads\/2020\/01\/2-25.jpg\" class=\"attachment-full size-full\" alt=\"\" srcset=\"https:\/\/archive.sana.sy\/tr\/wp-content\/uploads\/2020\/01\/2-25.jpg 660w, https:\/\/archive.sana.sy\/tr\/wp-content\/uploads\/2020\/01\/2-25-300x200.jpg 300w, https:\/\/archive.sana.sy\/tr\/wp-content\/uploads\/2020\/01\/2-25-150x100.jpg 150w\" sizes=\"auto, (max-width: 660px) 100vw, 660px\" \/><\/a>\n\t\t\t<\/div><\/figure><figure class='gallery-item'>\n\t\t\t<div class='gallery-icon landscape'>\n\t\t\t\t<a href='https:\/\/archive.sana.sy\/tr\/wp-content\/uploads\/2020\/01\/3-27.jpg'><img loading=\"lazy\" decoding=\"async\" width=\"660\" height=\"440\" src=\"https:\/\/archive.sana.sy\/tr\/wp-content\/uploads\/2020\/01\/3-27.jpg\" class=\"attachment-full size-full\" alt=\"\" srcset=\"https:\/\/archive.sana.sy\/tr\/wp-content\/uploads\/2020\/01\/3-27.jpg 660w, https:\/\/archive.sana.sy\/tr\/wp-content\/uploads\/2020\/01\/3-27-300x200.jpg 300w, https:\/\/archive.sana.sy\/tr\/wp-content\/uploads\/2020\/01\/3-27-150x100.jpg 150w\" sizes=\"auto, (max-width: 660px) 100vw, 660px\" \/><\/a>\n\t\t\t<\/div><\/figure><figure class='gallery-item'>\n\t\t\t<div class='gallery-icon landscape'>\n\t\t\t\t<a href='https:\/\/archive.sana.sy\/tr\/wp-content\/uploads\/2020\/01\/photo_2020-01-03_13-00-33.jpg'><img loading=\"lazy\" decoding=\"async\" width=\"660\" height=\"370\" src=\"https:\/\/archive.sana.sy\/tr\/wp-content\/uploads\/2020\/01\/photo_2020-01-03_13-00-33.jpg\" class=\"attachment-full size-full\" alt=\"\" srcset=\"https:\/\/archive.sana.sy\/tr\/wp-content\/uploads\/2020\/01\/photo_2020-01-03_13-00-33.jpg 660w, https:\/\/archive.sana.sy\/tr\/wp-content\/uploads\/2020\/01\/photo_2020-01-03_13-00-33-300x168.jpg 300w, https:\/\/archive.sana.sy\/tr\/wp-content\/uploads\/2020\/01\/photo_2020-01-03_13-00-33-150x84.jpg 150w\" sizes=\"auto, (max-width: 660px) 100vw, 660px\" \/><\/a>\n\t\t\t<\/div><\/figure><figure class='gallery-item'>\n\t\t\t<div class='gallery-icon landscape'>\n\t\t\t\t<a href='https:\/\/archive.sana.sy\/tr\/wp-content\/uploads\/2020\/01\/photo_2020-01-03_13-01-31.jpg'><img loading=\"lazy\" decoding=\"async\" width=\"660\" height=\"439\" src=\"https:\/\/archive.sana.sy\/tr\/wp-content\/uploads\/2020\/01\/photo_2020-01-03_13-01-31.jpg\" class=\"attachment-full size-full\" alt=\"\" srcset=\"https:\/\/archive.sana.sy\/tr\/wp-content\/uploads\/2020\/01\/photo_2020-01-03_13-01-31.jpg 660w, https:\/\/archive.sana.sy\/tr\/wp-content\/uploads\/2020\/01\/photo_2020-01-03_13-01-31-300x200.jpg 300w, https:\/\/archive.sana.sy\/tr\/wp-content\/uploads\/2020\/01\/photo_2020-01-03_13-01-31-150x100.jpg 150w, https:\/\/archive.sana.sy\/tr\/wp-content\/uploads\/2020\/01\/photo_2020-01-03_13-01-31-310x205.jpg 310w\" sizes=\"auto, (max-width: 660px) 100vw, 660px\" \/><\/a>\n\t\t\t<\/div><\/figure>\n\t\t<\/div>\n\n","protected":false},"excerpt":{"rendered":"<p>TAHRAN &#8211; \u0130ran\u2019\u0131n farkl\u0131 \u015fehirlerinde bug\u00fcn, \u0130ranl\u0131 T\u00fcmgeneral Kas\u0131m S\u00fcleymani ve Ha\u015fdi \u015eabi Heyet Ba\u015fkan Yard\u0131mc\u0131s\u0131 Ebu Mehdi el M\u00fchendis\u2019i suikastle \u015fehit eden ABD\u2019nin ger\u00e7ekle\u015ftirdi\u011fi sald\u0131r\u0131y\u0131 k\u0131nayan protesto g\u00f6sterileri yer ald\u0131. \u0130ran ba\u015fkenti Tahran yan\u0131 s\u0131ra, Tebriz, Bircent ve Kerman\u2019da d\u00fczenlenen protesto g\u00f6sterilerine kat\u0131lanlar; ABD sald\u0131rganl\u0131\u011f\u0131n\u0131 k\u0131nayan sloganlar atarken, bu al\u00e7ak eyleme a\u011f\u0131r ve sert &hellip;<\/p>\n","protected":false},"author":1,"featured_media":199090,"comment_status":"closed","ping_status":"closed","sticky":false,"template":"","format":"standard","meta":{"footnotes":""},"categories":[458,596,459,17988],"tags":[],"class_list":["post-199088","post","type-post","status-publish","format-standard","has-post-thumbnail","","category-dunya1","category-fotografli-raporlar","category-haberler-arap-uluslararasi-politika","category-son-haberler"],"_links":{"self":[{"href":"https:\/\/archive.sana.sy\/tr\/index.php?rest_route=\/wp\/v2\/posts\/199088","targetHints":{"allow":["GET"]}}],"collection":[{"href":"https:\/\/archive.sana.sy\/tr\/index.php?rest_route=\/wp\/v2\/posts"}],"about":[{"href":"https:\/\/archive.sana.sy\/tr\/index.php?rest_route=\/wp\/v2\/types\/post"}],"author":[{"embeddable":true,"href":"https:\/\/archive.sana.sy\/tr\/index.php?rest_route=\/wp\/v2\/users\/1"}],"replies":[{"embeddable":true,"href":"https:\/\/archive.sana.sy\/tr\/index.php?rest_route=%2Fwp%2Fv2%2Fcomments&post=199088"}],"version-history":[{"count":0,"href":"https:\/\/archive.sana.sy\/tr\/index.php?rest_route=\/wp\/v2\/posts\/199088\/revisions"}],"wp:featuredmedia":[{"embeddable":true,"href":"https:\/\/archive.sana.sy\/tr\/index.php?rest_route=\/wp\/v2\/media\/199090"}],"wp:attachment":[{"href":"https:\/\/archive.sana.sy\/tr\/index.php?rest_route=%2Fwp%2Fv2%2Fmedia&parent=199088"}],"wp:term":[{"taxonomy":"category","embeddable":true,"href":"https:\/\/archive.sana.sy\/tr\/index.php?rest_route=%2Fwp%2Fv2%2Fcategories&post=199088"},{"taxonomy":"post_tag","embeddable":true,"href":"https:\/\/archive.sana.sy\/tr\/index.php?rest_route=%2Fwp%2Fv2%2Ftags&post=199088"}],"curies":[{"name":"wp","href":"https:\/\/api.w.org\/{rel}","templated":true}]}}