{"id":199106,"date":"2020-01-03T12:32:37","date_gmt":"2020-01-03T10:32:37","guid":{"rendered":"http:\/\/www.sana.sy\/tr\/?p=199106"},"modified":"2020-01-04T14:14:41","modified_gmt":"2020-01-04T12:14:41","slug":"rusya-disisleri-bakanligi-suleymani-suikasti-pervasiz-bir-adimdir","status":"publish","type":"post","link":"https:\/\/archive.sana.sy\/tr\/?p=199106","title":{"rendered":"Rusya D\u0131\u015fi\u015fleri Bakanl\u0131\u011f\u0131: S\u00fcleymani Suikast\u0131 Pervas\u0131z Bir Ad\u0131md\u0131r"},"content":{"rendered":"<p>MOSKOVA \u2013 Rusya D\u0131\u015fi\u015fleri Bakanl\u0131\u011f\u0131, \u0130ranl\u0131 T\u00fcmgeneral Kas\u0131m S\u00fcleymani\u2019yi \u015fehit eden ABD\u2019in sald\u0131rganl\u0131\u011f\u0131n\u0131n \u201cpervas\u0131z bir hareket\u201d oldu\u011funu vurgulad\u0131.<\/p>\n<p>Rus haber ajans\u0131 RT Rusya D\u0131\u015fi\u015fleri Bakanl\u0131\u011f\u0131 resmi bir kaynaktan naklen; \u201cS\u00fcleymani\u2019nin \u0130ran \u00e7\u0131karlar\u0131na samimiyetle hizmet etti\u011fini\u201d kaydederken \u0130ran halk\u0131na taziyede bulundu.<\/p>\n<p>Rusya D\u0131\u015fi\u015fleri Bakanl\u0131\u011f\u0131 yay\u0131nlad\u0131\u011f\u0131 beyanda; S\u00fcleymani\u2019nin suikast\u0131 Orta Do\u011fu\u2019daki y\u0131\u011f\u0131l\u0131 sorunlara \u00e7\u00f6z\u00fcmler bulmaya katk\u0131da bulunmad\u0131\u011f\u0131n\u0131 belirtirken \u201cABD g\u00fc\u00e7lerinin Ba\u011fdat havaliman\u0131na ger\u00e7ekle\u015ftirdi\u011fi sald\u0131r\u0131s\u0131 sonucunda b\u00f6lgedeki istikrar ve g\u00fcvenli\u011fine ciddi sonu\u00e7lar\u0131n meydana gelece\u011fini\u201d ile ilgili olarak uyarlar\u0131n\u0131 kaydetti.<\/p>\n<p>Beyanda; \u201cbu \u015fekil eylemlerin Orta Do\u011fu\u2019da y\u0131\u011f\u0131l\u0131 zor sorunlara \u00e7\u00f6z\u00fcmler bulmaya katk\u0131da bulunmayaca\u011f\u0131na\u201d dikkat \u00e7ekilmi\u015fti.<\/p>\n<p>Rusya D\u0131\u015fi\u015fleri Bakanl\u0131\u011f\u0131 s\u00f6zc\u00fcs\u00fc Maria Zakharova ise; ABD\u2019nin Ba\u011fdat&#8217;a y\u00f6nelik sald\u0131rganl\u0131\u011f\u0131n\u0131n ve T\u00fcmgeneral S\u00fcleymani ile Ebu Mehdi el Muhandis suikast\u0131n\u0131n &#8220;yaln\u0131zca b\u00f6lgede gerginli\u011fin artmas\u0131na yol a\u00e7aca\u011f\u0131n\u0131&#8221; do\u011frulad\u0131.<\/p>\n<p>\u00e7eviri: P.M.<\/p>\n","protected":false},"excerpt":{"rendered":"<p>MOSKOVA \u2013 Rusya D\u0131\u015fi\u015fleri Bakanl\u0131\u011f\u0131, \u0130ranl\u0131 T\u00fcmgeneral Kas\u0131m S\u00fcleymani\u2019yi \u015fehit eden ABD\u2019in sald\u0131rganl\u0131\u011f\u0131n\u0131n \u201cpervas\u0131z bir hareket\u201d oldu\u011funu vurgulad\u0131. Rus haber ajans\u0131 RT Rusya D\u0131\u015fi\u015fleri Bakanl\u0131\u011f\u0131 resmi bir kaynaktan naklen; \u201cS\u00fcleymani\u2019nin \u0130ran \u00e7\u0131karlar\u0131na samimiyetle hizmet etti\u011fini\u201d kaydederken \u0130ran halk\u0131na taziyede bulundu. Rusya D\u0131\u015fi\u015fleri Bakanl\u0131\u011f\u0131 yay\u0131nlad\u0131\u011f\u0131 beyanda; S\u00fcleymani\u2019nin suikast\u0131 Orta Do\u011fu\u2019daki y\u0131\u011f\u0131l\u0131 sorunlara \u00e7\u00f6z\u00fcmler bulmaya katk\u0131da bulunmad\u0131\u011f\u0131n\u0131 &hellip;<\/p>\n","protected":false},"author":1,"featured_media":199108,"comment_status":"closed","ping_status":"closed","sticky":false,"template":"","format":"standard","meta":{"footnotes":""},"categories":[458,459,17988],"tags":[],"class_list":["post-199106","post","type-post","status-publish","format-standard","has-post-thumbnail","","category-dunya1","category-haberler-arap-uluslararasi-politika","category-son-haberler"],"_links":{"self":[{"href":"https:\/\/archive.sana.sy\/tr\/index.php?rest_route=\/wp\/v2\/posts\/199106","targetHints":{"allow":["GET"]}}],"collection":[{"href":"https:\/\/archive.sana.sy\/tr\/index.php?rest_route=\/wp\/v2\/posts"}],"about":[{"href":"https:\/\/archive.sana.sy\/tr\/index.php?rest_route=\/wp\/v2\/types\/post"}],"author":[{"embeddable":true,"href":"https:\/\/archive.sana.sy\/tr\/index.php?rest_route=\/wp\/v2\/users\/1"}],"replies":[{"embeddable":true,"href":"https:\/\/archive.sana.sy\/tr\/index.php?rest_route=%2Fwp%2Fv2%2Fcomments&post=199106"}],"version-history":[{"count":0,"href":"https:\/\/archive.sana.sy\/tr\/index.php?rest_route=\/wp\/v2\/posts\/199106\/revisions"}],"wp:featuredmedia":[{"embeddable":true,"href":"https:\/\/archive.sana.sy\/tr\/index.php?rest_route=\/wp\/v2\/media\/199108"}],"wp:attachment":[{"href":"https:\/\/archive.sana.sy\/tr\/index.php?rest_route=%2Fwp%2Fv2%2Fmedia&parent=199106"}],"wp:term":[{"taxonomy":"category","embeddable":true,"href":"https:\/\/archive.sana.sy\/tr\/index.php?rest_route=%2Fwp%2Fv2%2Fcategories&post=199106"},{"taxonomy":"post_tag","embeddable":true,"href":"https:\/\/archive.sana.sy\/tr\/index.php?rest_route=%2Fwp%2Fv2%2Ftags&post=199106"}],"curies":[{"name":"wp","href":"https:\/\/api.w.org\/{rel}","templated":true}]}}