{"id":199110,"date":"2020-01-03T17:12:21","date_gmt":"2020-01-03T15:12:21","guid":{"rendered":"http:\/\/www.sana.sy\/tr\/?p=199110"},"modified":"2020-01-03T17:18:59","modified_gmt":"2020-01-03T15:18:59","slug":"cumhurbaskani-bessar-el-esad-iran-islam-devrimi-lideri-imam-seyyid-ali-haminei-ve-iran-cumhurbaskani-seyh-hassan-ruhaniye-kudus-gucu-komutani-tumgeneral-kasim-suleymani-ve-diger-direnis-lid","status":"publish","type":"post","link":"https:\/\/archive.sana.sy\/tr\/?p=199110","title":{"rendered":"Cumhurba\u015fkan\u0131 Be\u015f\u015far el Esad, \u0130ran \u0130slam Devrimi Lideri Ayat\u00fcllah \u0130mam Seyyid Ali Haminei ve \u0130ran Cumhurba\u015fkan\u0131 \u015eeyh Hassan Ruhani\u2019ye, Kudus G\u00fcc\u00fc Komutan\u0131 T\u00fcmgeneral Kas\u0131m S\u00fcleymani ve di\u011fer Direni\u015f liderlerinin \u015fehit d\u00fc\u015ft\u00fckleri ile ilgili iki telegram g\u00f6nderdi"},"content":{"rendered":"<p>Cumhurba\u015fkan\u0131 Be\u015f\u015far el Esad, \u0130ran \u0130slam Devrimi Lideri Ayat\u00fcllah \u0130mam Seyyid Ali Haminei ve \u0130ran Cumhurba\u015fkan\u0131 \u015eeyh Hassan Ruhani\u2019ye, Kudus G\u00fcc\u00fc Komutan\u0131 T\u00fcmgeneral Kas\u0131m S\u00fcleymani ve di\u011fer Direni\u015f liderlerinin \u015fehit d\u00fc\u015ft\u00fckleri ile ilgili iki telegram g\u00f6nderdi<\/p>\n","protected":false},"excerpt":{"rendered":"<p>Cumhurba\u015fkan\u0131 Be\u015f\u015far el Esad, \u0130ran \u0130slam Devrimi Lideri Ayat\u00fcllah \u0130mam Seyyid Ali Haminei ve \u0130ran Cumhurba\u015fkan\u0131 \u015eeyh Hassan Ruhani\u2019ye, Kudus G\u00fcc\u00fc Komutan\u0131 T\u00fcmgeneral Kas\u0131m S\u00fcleymani ve di\u011fer Direni\u015f liderlerinin \u015fehit d\u00fc\u015ft\u00fckleri ile ilgili iki telegram g\u00f6nderdi<\/p>\n","protected":false},"author":1,"featured_media":0,"comment_status":"closed","ping_status":"closed","sticky":false,"template":"","format":"standard","meta":{"footnotes":""},"categories":[17991],"tags":[],"class_list":["post-199110","post","type-post","status-publish","format-standard","","category-son-dakika"],"_links":{"self":[{"href":"https:\/\/archive.sana.sy\/tr\/index.php?rest_route=\/wp\/v2\/posts\/199110","targetHints":{"allow":["GET"]}}],"collection":[{"href":"https:\/\/archive.sana.sy\/tr\/index.php?rest_route=\/wp\/v2\/posts"}],"about":[{"href":"https:\/\/archive.sana.sy\/tr\/index.php?rest_route=\/wp\/v2\/types\/post"}],"author":[{"embeddable":true,"href":"https:\/\/archive.sana.sy\/tr\/index.php?rest_route=\/wp\/v2\/users\/1"}],"replies":[{"embeddable":true,"href":"https:\/\/archive.sana.sy\/tr\/index.php?rest_route=%2Fwp%2Fv2%2Fcomments&post=199110"}],"version-history":[{"count":0,"href":"https:\/\/archive.sana.sy\/tr\/index.php?rest_route=\/wp\/v2\/posts\/199110\/revisions"}],"wp:attachment":[{"href":"https:\/\/archive.sana.sy\/tr\/index.php?rest_route=%2Fwp%2Fv2%2Fmedia&parent=199110"}],"wp:term":[{"taxonomy":"category","embeddable":true,"href":"https:\/\/archive.sana.sy\/tr\/index.php?rest_route=%2Fwp%2Fv2%2Fcategories&post=199110"},{"taxonomy":"post_tag","embeddable":true,"href":"https:\/\/archive.sana.sy\/tr\/index.php?rest_route=%2Fwp%2Fv2%2Ftags&post=199110"}],"curies":[{"name":"wp","href":"https:\/\/api.w.org\/{rel}","templated":true}]}}