{"id":199115,"date":"2020-01-03T17:46:32","date_gmt":"2020-01-03T15:46:32","guid":{"rendered":"http:\/\/www.sana.sy\/tr\/?p=199115"},"modified":"2020-01-09T14:09:38","modified_gmt":"2020-01-09T12:09:38","slug":"cumhurbaskani-esadtan-haminei-ve-ruhaniye-kasim-suleymaninin-sehit-edilmesiyle-ilgili-taziye-telgraflari","status":"publish","type":"post","link":"https:\/\/archive.sana.sy\/tr\/?p=199115","title":{"rendered":"Cumhurba\u015fkan\u0131 Esad&#8217;tan Haminei ve Ruhani&#8217;ye Kas\u0131m S\u00fcleymani&#8217;nin \u015eehit Edilmesiyle \u0130lgili Taziye Telgraflar\u0131"},"content":{"rendered":"<p>\u015eAM &#8211; Cumhurba\u015fkan\u0131 Be\u015f\u015far Esad Kud\u00fcs Alay Komutan\u0131 Kas\u0131m S\u00fcleymani ba\u015fta olmak \u00fczere direni\u015f y\u0131ld\u0131zlar\u0131ndan baz\u0131 komutanlar\u0131n \u015fehit edili\u015fleriyle ilgili olarak, \u0130ran \u0130slam Devrimi Lideri Ayetullah \u0130mam Ali Haminei ve \u0130ran Ba\u015fkan\u0131 Hasan Ruhani&#8217;ye telgraf g\u00f6nderdi.<\/p>\n<p>Telgrafta Esad \u0130mam Haminei&#8217;ye telgraf\u0131nda, ter\u00f6r ve destek\u00e7ilerine kar\u015f\u0131 Suriye&#8217;yi savunma ve ter\u00f6rist \u00f6rg\u00fctlere kar\u015f\u0131 bir\u00e7ok zaferindeki a\u00e7\u0131k izlerinde, Suriye Arap Ordusunun yan\u0131nda duru\u015funu hi\u00e7bir zaman unutmayacak olan Suriye halk\u0131n\u0131n belle\u011finde \u00f6l\u00fcms\u00fcz olarak kalaca\u011f\u0131n\u0131 belirtti.<\/p>\n<p>Cumhurba\u015fkan\u0131 Esad, Amerikan y\u00f6netiminin i\u015fledi\u011fi bu hain kanl\u0131 eylem, b\u00f6lge ve t\u00fcm d\u00fcnyada Siyonist ve s\u00f6m\u00fcrgeci projelerin hizmetine orman kanunu, kaos ve istikrars\u0131zl\u0131\u011f\u0131 yaymak, onun ter\u00f6r\u00fc desteklemedeki s\u00fcregelen yolu izledi\u011fini bir kez daha kan\u0131tlad\u0131\u011f\u0131n\u0131 ifade etti.<\/p>\n<p>Cumhurba\u015fkan\u0131 Esad, s\u00f6z konusu katliam\u0131n direni\u015f azmine, b\u00f6lgede y\u0131k\u0131c\u0131 Amerikan politikas\u0131 yan\u0131 s\u0131ra d\u00fcnyadaki t\u00fcm zul\u00fcm ve sald\u0131rgan g\u00fc\u00e7lere kar\u015f\u0131 s\u00fcrd\u00fcr\u00fclebilirli\u011fine azim kataca\u011f\u0131n\u0131 vurgulad\u0131.<\/p>\n<p>Cumhurba\u015fkan\u0131 Esad, hi\u00e7 \u015f\u00fcphesiz \u015fehit S\u00fcleymani ve arkada\u015flar\u0131n\u0131n yolu, \u015fehit olmas\u0131nda sonra direni\u015f gen\u00e7li\u011finin akl\u0131nda kaz\u0131narak artaca\u011f\u0131n\u0131 ayr\u0131ca bu gen\u00e7lik \u015fehit ve arkada\u015flar\u0131n\u0131n izledikleri yoldan daha azimli ve kararl\u0131 bir \u015fekilde y\u00fcr\u00fcmelerini artt\u0131raca\u011f\u0131n\u0131 vurgulad\u0131.<\/p>\n<p>Cumhurba\u015fkan\u0131 Esad \u0130ran Ba\u015fkan\u0131 Hasan Ruhani&#8217;ye g\u00f6nderdi\u011fi telgraf\u0131nda ise; &#8220;Gaddar ve korkak Amerikan sald\u0131r\u0131s\u0131 sonucunda, ba\u015fta Kud\u00fcs Alay Komutan\u0131 T\u00fcmgeneral Kas\u0131m S\u00fcleymani olmak \u00fczere Direni\u015f y\u0131ld\u0131zlar\u0131ndan baz\u0131lar\u0131n\u0131n \u015fehit d\u00fc\u015fmeleri ac\u0131m\u0131za ac\u0131 katt\u0131 ve h\u00fcz\u00fcnlendirdi&#8221; dedi.<\/p>\n<p>Cumhurba\u015fkan\u0131 Esad; direni\u015f davas\u0131 hizmeti, hakk\u0131 ve onuru savunmada s\u00f6z konusu komutanlar\u0131n \u015fehit d\u00fc\u015fmesi, bu yolda onlarla birlikte y\u00fcr\u00fcyen herkesin yolunda me\u015fale olarak kalaca\u011f\u0131n\u0131, gelecek nesil direni\u015f sava\u015f\u00e7\u0131lar\u0131n\u0131n kalbinde, nerede olurlarsa olsunlar Amerika Birle\u015fik Devletlerinin b\u00f6lgemizde s\u00fcrekli olarak uygulad\u0131\u011f\u0131, halklar\u0131n haklar\u0131n\u0131 ve egemenliklerini ihlal eden sald\u0131rgan politikalar\u0131nda son vermek i\u00e7in gereken her \u015feyi yapma \u0131srar ve azimetlerini g\u00fc\u00e7lendirecektir&#8221; dedi.<\/p>\n<p>Esad; &#8220;\u015fehitlerin kanlar\u0131 direni\u015f ekseni g\u00fcc\u00fcne g\u00fc\u00e7 katacak, b\u00f6lgemizi i\u015fgal ve yerle\u015fimcilikten kurtarmak, halklar\u0131n\u0131n kaynaklar\u0131n\u0131 topraklar\u0131ndan gasp etmeye kar\u015f\u0131 \u0131srarlar\u0131na \u0131srar katacakt\u0131r&#8221; dedi.<\/p>\n<p>Cumhurba\u015fkan\u0131 Esad: &#8220;Kendim ve Suriye Arap Halk\u0131 ad\u0131na dost \u0130ran halk\u0131yla dayan\u0131\u015fmam\u0131z\u0131 dile getirir, \u015fehit ailelerine halis taziyelerimizi iletirken, y\u00fcce Allah&#8217;tan rahmet sizlere de sab\u0131rlar diliyoruz&#8221; dedi.<\/p>\n<p>\u00c7eviri: S.\u015e.<\/p>\n","protected":false},"excerpt":{"rendered":"<p>\u015eAM &#8211; Cumhurba\u015fkan\u0131 Be\u015f\u015far Esad Kud\u00fcs Alay Komutan\u0131 Kas\u0131m S\u00fcleymani ba\u015fta olmak \u00fczere direni\u015f y\u0131ld\u0131zlar\u0131ndan baz\u0131 komutanlar\u0131n \u015fehit edili\u015fleriyle ilgili olarak, \u0130ran \u0130slam Devrimi Lideri Ayetullah \u0130mam Ali Haminei ve \u0130ran Ba\u015fkan\u0131 Hasan Ruhani&#8217;ye telgraf g\u00f6nderdi. Telgrafta Esad \u0130mam Haminei&#8217;ye telgraf\u0131nda, ter\u00f6r ve destek\u00e7ilerine kar\u015f\u0131 Suriye&#8217;yi savunma ve ter\u00f6rist \u00f6rg\u00fctlere kar\u015f\u0131 bir\u00e7ok zaferindeki a\u00e7\u0131k izlerinde, &hellip;<\/p>\n","protected":false},"author":1,"featured_media":199116,"comment_status":"closed","ping_status":"closed","sticky":false,"template":"","format":"standard","meta":{"footnotes":""},"categories":[479,605,17988,613,478],"tags":[],"class_list":["post-199115","post","type-post","status-publish","format-standard","has-post-thumbnail","","category-haberler-yerel","category-sayin-cumhurbaskani","category-son-haberler","category-telgraflar","category-yerel"],"_links":{"self":[{"href":"https:\/\/archive.sana.sy\/tr\/index.php?rest_route=\/wp\/v2\/posts\/199115","targetHints":{"allow":["GET"]}}],"collection":[{"href":"https:\/\/archive.sana.sy\/tr\/index.php?rest_route=\/wp\/v2\/posts"}],"about":[{"href":"https:\/\/archive.sana.sy\/tr\/index.php?rest_route=\/wp\/v2\/types\/post"}],"author":[{"embeddable":true,"href":"https:\/\/archive.sana.sy\/tr\/index.php?rest_route=\/wp\/v2\/users\/1"}],"replies":[{"embeddable":true,"href":"https:\/\/archive.sana.sy\/tr\/index.php?rest_route=%2Fwp%2Fv2%2Fcomments&post=199115"}],"version-history":[{"count":0,"href":"https:\/\/archive.sana.sy\/tr\/index.php?rest_route=\/wp\/v2\/posts\/199115\/revisions"}],"wp:featuredmedia":[{"embeddable":true,"href":"https:\/\/archive.sana.sy\/tr\/index.php?rest_route=\/wp\/v2\/media\/199116"}],"wp:attachment":[{"href":"https:\/\/archive.sana.sy\/tr\/index.php?rest_route=%2Fwp%2Fv2%2Fmedia&parent=199115"}],"wp:term":[{"taxonomy":"category","embeddable":true,"href":"https:\/\/archive.sana.sy\/tr\/index.php?rest_route=%2Fwp%2Fv2%2Fcategories&post=199115"},{"taxonomy":"post_tag","embeddable":true,"href":"https:\/\/archive.sana.sy\/tr\/index.php?rest_route=%2Fwp%2Fv2%2Ftags&post=199115"}],"curies":[{"name":"wp","href":"https:\/\/api.w.org\/{rel}","templated":true}]}}