{"id":199125,"date":"2020-01-04T11:34:45","date_gmt":"2020-01-04T09:34:45","guid":{"rendered":"http:\/\/www.sana.sy\/tr\/?p=199125"},"modified":"2020-01-09T14:10:23","modified_gmt":"2020-01-09T12:10:23","slug":"cek-moravya-ve-silezko-sendikal-toplulugu-suriyeyi-terore-karsi-destekliyor","status":"publish","type":"post","link":"https:\/\/archive.sana.sy\/tr\/?p=199125","title":{"rendered":"\u00c7ek, Moravya ve Silezko Sendikal Toplulu\u011fu, Suriye&#8217;yi Ter\u00f6re Kar\u015f\u0131 Destekliyor"},"content":{"rendered":"<p>PRAG- \u00c7ek, Moravya ve Silezko Sendikal Toplulu\u011fu, bug\u00fcn ter\u00f6r, emriyalizm ve siyonizm ile m\u00fccadelesinde Suriye ile dayan\u0131\u015fmas\u0131n\u0131 yineledi.<\/p>\n<p>Toplulu\u011fun d\u0131\u015f komisyon \u00fcyesi Martin Bit\u00e7 SANA Prag muhabirine verdi\u011fi demecinde,toplulu\u011fun Golan\u2019\u0131 Suriye egemenli\u011fine geri almas\u0131nda Suriye\u2019nin hakl\u0131 taleplerini desteklediklerini vurgulad\u0131.<\/p>\n<p>Bit\u00e7,Toplulu\u011fun Suriye topra\u011f\u0131na y\u00f6nelik tekrarlana gelen \u0130srail sald\u0131r\u0131lar\u0131n\u0131 k\u0131nad\u0131\u011f\u0131n\u0131 belirtti.<\/p>\n<p>Bit\u00e7,Toplulu\u011fun T\u00fcrkiye\u2019nin Suriye&#8217;nin baz\u0131 topraklar\u0131n\u0131 i\u015fgal etmesi ve T\u00fcrk rejiminin ba\u015f\u0131 Erdo\u011fan\u2019\u0131n Suriye\u2019deki ter\u00f6r \u00f6rg\u00fctlerine deste\u011fini s\u00fcrd\u00fcrmesini k\u0131nad\u0131\u011f\u0131n\u0131 soyledi.<\/p>\n<p>Bit\u00e7, Sendikal Toplulu\u011fun Suriye Arap Ordusu ve m\u00fcttefiklerinin, Erdo\u011fan destekli Nusra Cephesi denetimi alt\u0131nda olan \u0130dlib\u2019deki ter\u00f6r yuvalar\u0131n\u0131 imha etmelerine y\u00f6nelik deste\u011fini vurgulad\u0131.<\/p>\n<p>#Kumeyt_Yusuf<\/p>\n","protected":false},"excerpt":{"rendered":"<p>PRAG- \u00c7ek, Moravya ve Silezko Sendikal Toplulu\u011fu, bug\u00fcn ter\u00f6r, emriyalizm ve siyonizm ile m\u00fccadelesinde Suriye ile dayan\u0131\u015fmas\u0131n\u0131 yineledi. Toplulu\u011fun d\u0131\u015f komisyon \u00fcyesi Martin Bit\u00e7 SANA Prag muhabirine verdi\u011fi demecinde,toplulu\u011fun Golan\u2019\u0131 Suriye egemenli\u011fine geri almas\u0131nda Suriye\u2019nin hakl\u0131 taleplerini desteklediklerini vurgulad\u0131. Bit\u00e7,Toplulu\u011fun Suriye topra\u011f\u0131na y\u00f6nelik tekrarlana gelen \u0130srail sald\u0131r\u0131lar\u0131n\u0131 k\u0131nad\u0131\u011f\u0131n\u0131 belirtti. Bit\u00e7,Toplulu\u011fun T\u00fcrkiye\u2019nin Suriye&#8217;nin baz\u0131 topraklar\u0131n\u0131 i\u015fgal &hellip;<\/p>\n","protected":false},"author":1,"featured_media":199126,"comment_status":"closed","ping_status":"closed","sticky":false,"template":"","format":"standard","meta":{"footnotes":""},"categories":[458,459,17988],"tags":[],"class_list":["post-199125","post","type-post","status-publish","format-standard","has-post-thumbnail","","category-dunya1","category-haberler-arap-uluslararasi-politika","category-son-haberler"],"_links":{"self":[{"href":"https:\/\/archive.sana.sy\/tr\/index.php?rest_route=\/wp\/v2\/posts\/199125","targetHints":{"allow":["GET"]}}],"collection":[{"href":"https:\/\/archive.sana.sy\/tr\/index.php?rest_route=\/wp\/v2\/posts"}],"about":[{"href":"https:\/\/archive.sana.sy\/tr\/index.php?rest_route=\/wp\/v2\/types\/post"}],"author":[{"embeddable":true,"href":"https:\/\/archive.sana.sy\/tr\/index.php?rest_route=\/wp\/v2\/users\/1"}],"replies":[{"embeddable":true,"href":"https:\/\/archive.sana.sy\/tr\/index.php?rest_route=%2Fwp%2Fv2%2Fcomments&post=199125"}],"version-history":[{"count":0,"href":"https:\/\/archive.sana.sy\/tr\/index.php?rest_route=\/wp\/v2\/posts\/199125\/revisions"}],"wp:featuredmedia":[{"embeddable":true,"href":"https:\/\/archive.sana.sy\/tr\/index.php?rest_route=\/wp\/v2\/media\/199126"}],"wp:attachment":[{"href":"https:\/\/archive.sana.sy\/tr\/index.php?rest_route=%2Fwp%2Fv2%2Fmedia&parent=199125"}],"wp:term":[{"taxonomy":"category","embeddable":true,"href":"https:\/\/archive.sana.sy\/tr\/index.php?rest_route=%2Fwp%2Fv2%2Fcategories&post=199125"},{"taxonomy":"post_tag","embeddable":true,"href":"https:\/\/archive.sana.sy\/tr\/index.php?rest_route=%2Fwp%2Fv2%2Ftags&post=199125"}],"curies":[{"name":"wp","href":"https:\/\/api.w.org\/{rel}","templated":true}]}}