{"id":199405,"date":"2020-01-07T14:52:17","date_gmt":"2020-01-07T12:52:17","guid":{"rendered":"http:\/\/www.sana.sy\/tr\/?p=199405"},"modified":"2020-01-09T14:11:53","modified_gmt":"2020-01-09T12:11:53","slug":"suleymani-ve-yoldaslarini-sehid-eden-abdnin-saldirsini-kinadi","status":"publish","type":"post","link":"https:\/\/archive.sana.sy\/tr\/?p=199405","title":{"rendered":"S\u00fcleymani ve Yolda\u015flar\u0131n\u0131 \u015eehid Eden ABD&#8217;nin Sald\u0131rs\u0131n\u0131 K\u0131nad\u0131"},"content":{"rendered":"<p>HALEP \u2013 Halep\u2019teki Saadallah el Caberi meydan\u0131nda bug\u00fcn, b\u00fcy\u00fck kitlelerin kat\u0131l\u0131m\u0131yla ge\u00e7en Cuma g\u00fcn\u00fc Ba\u011fdat\u2019ta ABD\u2019nin gaddar sald\u0131r\u0131s\u0131nda \u015fehit d\u00fc\u015fen Korgeneral Kas\u0131m S\u00fclemani, Ha\u015fdi \u015eaabi Genel Kurmay Ba\u015fkn\u0131 Yard\u0131mc\u0131s\u0131 Ebu Mehdi el M\u00fchendis ve yolda\u015flar\u0131n onuruna ve ABD\u2019nin gaddar sald\u0131rs\u0131n\u0131 k\u0131nama g\u00f6sterisi yer ald\u0131.<\/p>\n<p>&nbsp;<\/p>\n<div id='gallery-1' class='gallery galleryid-199405 gallery-columns-1 gallery-size-full'><figure class='gallery-item'>\n\t\t\t<div class='gallery-icon landscape'>\n\t\t\t\t<a href='https:\/\/archive.sana.sy\/tr\/wp-content\/uploads\/2020\/01\/10-20.jpg'><img loading=\"lazy\" decoding=\"async\" width=\"660\" height=\"321\" src=\"https:\/\/archive.sana.sy\/tr\/wp-content\/uploads\/2020\/01\/10-20.jpg\" class=\"attachment-full size-full\" alt=\"\" srcset=\"https:\/\/archive.sana.sy\/tr\/wp-content\/uploads\/2020\/01\/10-20.jpg 660w, https:\/\/archive.sana.sy\/tr\/wp-content\/uploads\/2020\/01\/10-20-300x146.jpg 300w, https:\/\/archive.sana.sy\/tr\/wp-content\/uploads\/2020\/01\/10-20-150x73.jpg 150w\" sizes=\"auto, (max-width: 660px) 100vw, 660px\" \/><\/a>\n\t\t\t<\/div><\/figure><figure class='gallery-item'>\n\t\t\t<div class='gallery-icon landscape'>\n\t\t\t\t<a href='https:\/\/archive.sana.sy\/tr\/wp-content\/uploads\/2020\/01\/11-33.jpg'><img loading=\"lazy\" decoding=\"async\" width=\"660\" height=\"352\" src=\"https:\/\/archive.sana.sy\/tr\/wp-content\/uploads\/2020\/01\/11-33.jpg\" class=\"attachment-full size-full\" alt=\"\" srcset=\"https:\/\/archive.sana.sy\/tr\/wp-content\/uploads\/2020\/01\/11-33.jpg 660w, https:\/\/archive.sana.sy\/tr\/wp-content\/uploads\/2020\/01\/11-33-300x160.jpg 300w, https:\/\/archive.sana.sy\/tr\/wp-content\/uploads\/2020\/01\/11-33-150x80.jpg 150w, https:\/\/archive.sana.sy\/tr\/wp-content\/uploads\/2020\/01\/11-33-310x165.jpg 310w\" sizes=\"auto, (max-width: 660px) 100vw, 660px\" \/><\/a>\n\t\t\t<\/div><\/figure><figure class='gallery-item'>\n\t\t\t<div class='gallery-icon landscape'>\n\t\t\t\t<a href='https:\/\/archive.sana.sy\/tr\/wp-content\/uploads\/2020\/01\/12-23.jpg'><img loading=\"lazy\" decoding=\"async\" width=\"660\" height=\"329\" src=\"https:\/\/archive.sana.sy\/tr\/wp-content\/uploads\/2020\/01\/12-23.jpg\" class=\"attachment-full size-full\" alt=\"\" srcset=\"https:\/\/archive.sana.sy\/tr\/wp-content\/uploads\/2020\/01\/12-23.jpg 660w, https:\/\/archive.sana.sy\/tr\/wp-content\/uploads\/2020\/01\/12-23-300x150.jpg 300w, https:\/\/archive.sana.sy\/tr\/wp-content\/uploads\/2020\/01\/12-23-150x75.jpg 150w\" sizes=\"auto, (max-width: 660px) 100vw, 660px\" \/><\/a>\n\t\t\t<\/div><\/figure><figure class='gallery-item'>\n\t\t\t<div class='gallery-icon landscape'>\n\t\t\t\t<a href='https:\/\/archive.sana.sy\/tr\/wp-content\/uploads\/2020\/01\/13-19.jpg'><img loading=\"lazy\" decoding=\"async\" width=\"660\" height=\"373\" src=\"https:\/\/archive.sana.sy\/tr\/wp-content\/uploads\/2020\/01\/13-19.jpg\" class=\"attachment-full size-full\" alt=\"\" srcset=\"https:\/\/archive.sana.sy\/tr\/wp-content\/uploads\/2020\/01\/13-19.jpg 660w, https:\/\/archive.sana.sy\/tr\/wp-content\/uploads\/2020\/01\/13-19-300x170.jpg 300w, https:\/\/archive.sana.sy\/tr\/wp-content\/uploads\/2020\/01\/13-19-150x85.jpg 150w\" sizes=\"auto, (max-width: 660px) 100vw, 660px\" \/><\/a>\n\t\t\t<\/div><\/figure>\n\t\t<\/div>\n\n<p>&nbsp;<\/p>\n","protected":false},"excerpt":{"rendered":"<p>HALEP \u2013 Halep\u2019teki Saadallah el Caberi meydan\u0131nda bug\u00fcn, b\u00fcy\u00fck kitlelerin kat\u0131l\u0131m\u0131yla ge\u00e7en Cuma g\u00fcn\u00fc Ba\u011fdat\u2019ta ABD\u2019nin gaddar sald\u0131r\u0131s\u0131nda \u015fehit d\u00fc\u015fen Korgeneral Kas\u0131m S\u00fclemani, Ha\u015fdi \u015eaabi Genel Kurmay Ba\u015fkn\u0131 Yard\u0131mc\u0131s\u0131 Ebu Mehdi el M\u00fchendis ve yolda\u015flar\u0131n onuruna ve ABD\u2019nin gaddar sald\u0131rs\u0131n\u0131 k\u0131nama g\u00f6sterisi yer ald\u0131. &nbsp; &nbsp;<\/p>\n","protected":false},"author":1,"featured_media":199406,"comment_status":"closed","ping_status":"closed","sticky":false,"template":"","format":"standard","meta":{"footnotes":""},"categories":[596,479,17988,478],"tags":[],"class_list":["post-199405","post","type-post","status-publish","format-standard","has-post-thumbnail","","category-fotografli-raporlar","category-haberler-yerel","category-son-haberler","category-yerel"],"_links":{"self":[{"href":"https:\/\/archive.sana.sy\/tr\/index.php?rest_route=\/wp\/v2\/posts\/199405","targetHints":{"allow":["GET"]}}],"collection":[{"href":"https:\/\/archive.sana.sy\/tr\/index.php?rest_route=\/wp\/v2\/posts"}],"about":[{"href":"https:\/\/archive.sana.sy\/tr\/index.php?rest_route=\/wp\/v2\/types\/post"}],"author":[{"embeddable":true,"href":"https:\/\/archive.sana.sy\/tr\/index.php?rest_route=\/wp\/v2\/users\/1"}],"replies":[{"embeddable":true,"href":"https:\/\/archive.sana.sy\/tr\/index.php?rest_route=%2Fwp%2Fv2%2Fcomments&post=199405"}],"version-history":[{"count":0,"href":"https:\/\/archive.sana.sy\/tr\/index.php?rest_route=\/wp\/v2\/posts\/199405\/revisions"}],"wp:featuredmedia":[{"embeddable":true,"href":"https:\/\/archive.sana.sy\/tr\/index.php?rest_route=\/wp\/v2\/media\/199406"}],"wp:attachment":[{"href":"https:\/\/archive.sana.sy\/tr\/index.php?rest_route=%2Fwp%2Fv2%2Fmedia&parent=199405"}],"wp:term":[{"taxonomy":"category","embeddable":true,"href":"https:\/\/archive.sana.sy\/tr\/index.php?rest_route=%2Fwp%2Fv2%2Fcategories&post=199405"},{"taxonomy":"post_tag","embeddable":true,"href":"https:\/\/archive.sana.sy\/tr\/index.php?rest_route=%2Fwp%2Fv2%2Ftags&post=199405"}],"curies":[{"name":"wp","href":"https:\/\/api.w.org\/{rel}","templated":true}]}}